{"id":458,"date":"2024-11-04T22:36:30","date_gmt":"2024-11-04T22:36:30","guid":{"rendered":"https:\/\/elordendeloslibros.com\/?p=458"},"modified":"2025-01-29T09:37:06","modified_gmt":"2025-01-29T09:37:06","slug":"order-saga-abridge-books-of-a-court-of-thorns-and-roses","status":"publish","type":"post","link":"https:\/\/elordendeloslibros.com\/en\/order-saga-abridge-books-of-a-court-of-thorns-and-roses\/","title":{"rendered":"Order ACOTAR Saga, books from A Court of Thorns and Roses"},"content":{"rendered":"<div class=\"kk-star-ratings kksr-auto kksr-align-left kksr-valign-top\"\n    data-payload='{&quot;align&quot;:&quot;left&quot;,&quot;id&quot;:&quot;458&quot;,&quot;slug&quot;:&quot;default&quot;,&quot;valign&quot;:&quot;top&quot;,&quot;ignore&quot;:&quot;&quot;,&quot;reference&quot;:&quot;auto&quot;,&quot;class&quot;:&quot;&quot;,&quot;count&quot;:&quot;2&quot;,&quot;legendonly&quot;:&quot;&quot;,&quot;readonly&quot;:&quot;&quot;,&quot;score&quot;:&quot;4.5&quot;,&quot;starsonly&quot;:&quot;&quot;,&quot;best&quot;:&quot;5&quot;,&quot;gap&quot;:&quot;5&quot;,&quot;greet&quot;:&quot;\u00bfQu\u00e9 te ha parecido?&quot;,&quot;legend&quot;:&quot;4.5\\\/5 - (2 votes)&quot;,&quot;size&quot;:&quot;24&quot;,&quot;title&quot;:&quot;Orden Saga ACOTAR, libros de Una Corte de Rosas y Espinas&quot;,&quot;width&quot;:&quot;128&quot;,&quot;_legend&quot;:&quot;{score}\\\/{best} - ({count} {votes})&quot;,&quot;font_factor&quot;:&quot;1.25&quot;}'>\n            \n<div class=\"kksr-stars\">\n    \n<div class=\"kksr-stars-inactive\">\n            <div class=\"kksr-star\" data-star=\"1\" style=\"padding-right: 5px\">\n            \n\n<div class=\"kksr-icon\" style=\"width: 24px; height: 24px;\"><\/div>\n        <\/div>\n            <div class=\"kksr-star\" data-star=\"2\" style=\"padding-right: 5px\">\n            \n\n<div class=\"kksr-icon\" style=\"width: 24px; height: 24px;\"><\/div>\n        <\/div>\n            <div class=\"kksr-star\" data-star=\"3\" style=\"padding-right: 5px\">\n            \n\n<div class=\"kksr-icon\" style=\"width: 24px; height: 24px;\"><\/div>\n        <\/div>\n            <div class=\"kksr-star\" data-star=\"4\" style=\"padding-right: 5px\">\n            \n\n<div class=\"kksr-icon\" style=\"width: 24px; height: 24px;\"><\/div>\n        <\/div>\n            <div class=\"kksr-star\" data-star=\"5\" style=\"padding-right: 5px\">\n            \n\n<div class=\"kksr-icon\" style=\"width: 24px; height: 24px;\"><\/div>\n        <\/div>\n    <\/div>\n    \n<div class=\"kksr-stars-active\" style=\"width: 128px;\">\n            <div class=\"kksr-star\" style=\"padding-right: 5px\">\n            \n\n<div class=\"kksr-icon\" style=\"width: 24px; height: 24px;\"><\/div>\n        <\/div>\n            <div class=\"kksr-star\" style=\"padding-right: 5px\">\n            \n\n<div class=\"kksr-icon\" style=\"width: 24px; height: 24px;\"><\/div>\n        <\/div>\n            <div class=\"kksr-star\" style=\"padding-right: 5px\">\n            \n\n<div class=\"kksr-icon\" style=\"width: 24px; height: 24px;\"><\/div>\n        <\/div>\n            <div class=\"kksr-star\" style=\"padding-right: 5px\">\n            \n\n<div class=\"kksr-icon\" style=\"width: 24px; height: 24px;\"><\/div>\n        <\/div>\n            <div class=\"kksr-star\" style=\"padding-right: 5px\">\n            \n\n<div class=\"kksr-icon\" style=\"width: 24px; height: 24px;\"><\/div>\n        <\/div>\n    <\/div>\n<\/div>\n                \n\n<div class=\"kksr-legend\" style=\"font-size: 19.2px;\">\n            4.5\/5 - (2 votes)    <\/div>\n    <\/div>\n\n<figure class=\"wp-block-image size-large\"><img loading=\"lazy\" decoding=\"async\" width=\"1024\" height=\"576\" src=\"https:\/\/elordendeloslibros.com\/wp-content\/uploads\/2024\/11\/la-saga-de-libros-de-acotar-1024x576.webp\" alt=\"\" class=\"wp-image-460\" srcset=\"https:\/\/elordendeloslibros.com\/wp-content\/uploads\/2024\/11\/la-saga-de-libros-de-acotar-1024x576.webp 1024w, https:\/\/elordendeloslibros.com\/wp-content\/uploads\/2024\/11\/la-saga-de-libros-de-acotar-300x169.webp 300w, https:\/\/elordendeloslibros.com\/wp-content\/uploads\/2024\/11\/la-saga-de-libros-de-acotar-768x432.webp 768w, https:\/\/elordendeloslibros.com\/wp-content\/uploads\/2024\/11\/la-saga-de-libros-de-acotar-1536x864.webp 1536w, https:\/\/elordendeloslibros.com\/wp-content\/uploads\/2024\/11\/la-saga-de-libros-de-acotar-18x10.webp 18w, https:\/\/elordendeloslibros.com\/wp-content\/uploads\/2024\/11\/la-saga-de-libros-de-acotar.webp 1600w\" sizes=\"auto, (max-width: 1024px) 100vw, 1024px\" \/><\/figure>\n\n\n<div class=\"wp-block-ub-table-of-contents-block ub_table-of-contents\" id=\"ub_table-of-contents-fde7027a-8e36-4f1e-9635-1fc81c8538d6\" data-linktodivider=\"false\" data-showtext=\"show\" data-hidetext=\"hide\" data-scrolltype=\"auto\" data-enablesmoothscroll=\"false\" data-initiallyhideonmobile=\"false\" data-initiallyshow=\"true\"><div class=\"ub_table-of-contents-header-container\" style=\"background-color: #ffa41c; color: #0f1111; \">\n\t\t\t<div class=\"ub_table-of-contents-header\" style=\"text-align: center; \">\n\t\t\t\t<div class=\"ub_table-of-contents-title\">CLICK for more info<br>\u2193\u2193\u2193<\/div>\n\t\t\t\t\n\t\t\t<\/div>\n\t\t<\/div><div class=\"ub_table-of-contents-extra-container\" style=\"\">\n\t\t\t<div class=\"ub_table-of-contents-container ub_table-of-contents-1-column\">\n\t\t\t\t<ul style=\"\"><li style=\"\"><a href=\"https:\/\/elordendeloslibros.com\/en\/order-saga-abridge-books-of-a-court-of-thorns-and-roses\/#0-resumen-de-la-saga-acotar\" style=\"\">Summary of the ACOTAR Saga<\/a><\/li><li style=\"\"><a href=\"https:\/\/elordendeloslibros.com\/en\/order-saga-abridge-books-of-a-court-of-thorns-and-roses\/#1-resumen-del-autor-sarah-j-maas\" style=\"\">Author Summary: Sarah J. Maas<\/a><ul><li style=\"\"><a href=\"https:\/\/elordendeloslibros.com\/en\/order-saga-abridge-books-of-a-court-of-thorns-and-roses\/#2-orden-de-publicaci%C3%B3n-de-los-libros-de-acotar\" style=\"\">Publication Order of ACOTAR Books<\/a><ul><li style=\"\"><a href=\"https:\/\/elordendeloslibros.com\/en\/order-saga-abridge-books-of-a-court-of-thorns-and-roses\/#3-1-una-corte-de-rosas-y-espinas-2015\" style=\"\">1. A Court of Thorns and Roses (2015)<\/a><\/li><li style=\"\"><a href=\"https:\/\/elordendeloslibros.com\/en\/order-saga-abridge-books-of-a-court-of-thorns-and-roses\/#4-2-una-corte-de-niebla-y-furia-2016\" style=\"\">2. A Court of Mist and Fury (2016)<\/a><\/li><li style=\"\"><a href=\"https:\/\/elordendeloslibros.com\/en\/order-saga-abridge-books-of-a-court-of-thorns-and-roses\/#5-3-una-corte-de-alas-y-ruina-2017\" style=\"\">3. A Court of Wings and Ruin (2017)<\/a><\/li><li style=\"\"><a href=\"https:\/\/elordendeloslibros.com\/en\/order-saga-abridge-books-of-a-court-of-thorns-and-roses\/#6-4-una-corte-de-hielo-y-estrellas-2018\" style=\"\">4. A Court of Ice and Stars (2018)<\/a><\/li><li style=\"\"><a href=\"https:\/\/elordendeloslibros.com\/en\/order-saga-abridge-books-of-a-court-of-thorns-and-roses\/#7-5-una-corte-de-llamas-plateadas-2021\" style=\"\">5. A Court of Silver Flames (2021)<\/a><\/li><\/ul><\/li><\/ul><\/li><li style=\"\"><a href=\"https:\/\/elordendeloslibros.com\/en\/order-saga-abridge-books-of-a-court-of-thorns-and-roses\/#8-orden-de-lectura-recomendado\" style=\"\">Recommended Reading Order<\/a><\/li><li style=\"\"><a href=\"https:\/\/elordendeloslibros.com\/en\/order-saga-abridge-books-of-a-court-of-thorns-and-roses\/#9-temas-principales-de-la-saga-acotar\" style=\"\">Main Themes of the ACOTAR Saga<\/a><\/li><li style=\"\"><a href=\"https:\/\/elordendeloslibros.com\/en\/order-saga-abridge-books-of-a-court-of-thorns-and-roses\/#10-futuro-de-la-saga-acotar-%C2%BFlibros-pendientes\" style=\"\">Future of the ACOTAR Saga Pending books?<\/a><\/li><\/ul>\n\t\t\t<\/div>\n\t\t<\/div><\/div>\n\n\n<a href=\"https:\/\/go.nordvpn.net\/aff_c?offer_id=725&#038;aff_id=110372&#038;file_id=740\"><img loading=\"lazy\" decoding=\"async\" src=\"https:\/\/media.go2speed.org\/brand\/files\/nordvpn\/725\/faster-than-ever-es-729x90.png\" width=\"729\" height=\"90\" border=\"0\" \/><\/a><img loading=\"lazy\" decoding=\"async\" src=\"https:\/\/go.nordvpn.net\/aff_i?offer_id=725&#038;file_id=740&#038;aff_id=110372\" width=\"0\" height=\"0\" style=\"position:absolute;visibility:hidden;\" border=\"0\" \/>\n\n\n\n<h2 class=\"wp-block-heading\" id=\"0-resumen-de-la-saga-acotar\">Summary of the ACOTAR Saga<\/h2>\n\n\n\n<p>The saga <strong>\u00abA Court of Thorns and Roses\u00bb (ACOTAR)<\/strong> focuses on <strong>Feyre Archeron<\/strong>, a young human girl who is taken to the dangerous and magical realm of the fae after killing a creature that turns out to be a fae. <\/p>\n\n\n\n<p>Inspired by fairy tales such as Beauty and the Beast, the story explores themes of sacrifice, power and love. As Feyre delves deeper into the faerie world, she finds herself caught in a web of secrets, intrigue and epic battles between realms that will change her life forever.<\/p>\n\n\n\n<p>The ACOTAR series combines romance, action and politics, and is renowned for its exploration of complex relationships and emotional trauma, as well as the detailed settings and magical dynamics of the faerie realm. The series has captivated an audience of young and adult readers, becoming a standout work in fantasy literature.<\/p>\n\n\n\n\t\t\t<div class=\"wp-block-uagb-post-carousel uagb-post-grid  uagb-post__image-position-background uagb-post__image-enabled uagb-block-bc3b598b     uagb-post__arrow-outside uagb-slick-carousel uagb-post__items uagb-post__columns-3 is-carousel uagb-post__columns-tablet-2 uagb-post__columns-mobile-1 uagb-post__carousel_equal-height\" data-total=\"36\" style=\"\">\n\n\t\t\t\t\t\t\t\t\t\t\t\t<article class=\"uagb-post__inner-wrap\">\t\t\t\t\t\t\t\t<h4 class=\"uagb-post__title uagb-post__text\">\n\t\t\t\t<a href=\"https:\/\/elordendeloslibros.com\/en\/order-of-haruki-murakami-books\/\" target=\"_self\" rel=\"bookmark noopener noreferrer\">Order of Haruki Murakami&#039;s books<\/a>\n\t\t\t<\/h4>\n\t\t\t\t\t\t<div class='uagb-post__text uagb-post-grid-byline'>\n\t\t\t\t\t\t\t<\/div>\n\t\t\t\t\t\t<div class=\"uagb-post__text uagb-post__cta wp-block-button\">\n\t\t\t\t<a class=\"wp-block-button__link uagb-text-link\" style=\"\" href=\"https:\/\/elordendeloslibros.com\/en\/order-of-haruki-murakami-books\/\" target=\"_self\" rel=\"bookmark noopener noreferrer\">Read More<\/a>\n\t\t\t<\/div>\n\t\t\t\t\t\t<div class='uagb-post__image'>\n\t\t\t\t\t\t\t\t\t<a href=\"https:\/\/elordendeloslibros.com\/en\/order-of-haruki-murakami-books\/\" target=\"_self\" rel=\"bookmark noopener noreferrer\"><img loading=\"lazy\" decoding=\"async\" width=\"1024\" height=\"576\" src=\"https:\/\/elordendeloslibros.com\/wp-content\/uploads\/2025\/02\/murakami-1-1024x576.webp\" class=\"attachment-large size-large\" alt=\"\" srcset=\"https:\/\/elordendeloslibros.com\/wp-content\/uploads\/2025\/02\/murakami-1-1024x576.webp 1024w, https:\/\/elordendeloslibros.com\/wp-content\/uploads\/2025\/02\/murakami-1-300x169.webp 300w, https:\/\/elordendeloslibros.com\/wp-content\/uploads\/2025\/02\/murakami-1-768x432.webp 768w, https:\/\/elordendeloslibros.com\/wp-content\/uploads\/2025\/02\/murakami-1-1536x864.webp 1536w, https:\/\/elordendeloslibros.com\/wp-content\/uploads\/2025\/02\/murakami-1-18x10.webp 18w, https:\/\/elordendeloslibros.com\/wp-content\/uploads\/2025\/02\/murakami-1.webp 1920w\" sizes=\"auto, (max-width: 1024px) 100vw, 1024px\" \/>\t\t\t\t\t<\/a>\n\t\t\t\t\t\t\t\t\t<\/div>\n\t\t\t\n\t\t\t\t\t\t\t\t\t<\/article>\n\t\t\t\t\t\t\t\t\t\t\t\t\t\t\t\t<article class=\"uagb-post__inner-wrap\">\t\t\t\t\t\t\t\t<h4 class=\"uagb-post__title uagb-post__text\">\n\t\t\t\t<a href=\"https:\/\/elordendeloslibros.com\/en\/order-of-manolito-gafotas-books\/\" target=\"_self\" rel=\"bookmark noopener noreferrer\">Order of Manolito Gafotas&#039; books<\/a>\n\t\t\t<\/h4>\n\t\t\t\t\t\t<div class='uagb-post__text uagb-post-grid-byline'>\n\t\t\t\t\t\t\t<\/div>\n\t\t\t\t\t\t<div class=\"uagb-post__text uagb-post__cta wp-block-button\">\n\t\t\t\t<a class=\"wp-block-button__link uagb-text-link\" style=\"\" href=\"https:\/\/elordendeloslibros.com\/en\/order-of-manolito-gafotas-books\/\" target=\"_self\" rel=\"bookmark noopener noreferrer\">Read More<\/a>\n\t\t\t<\/div>\n\t\t\t\t\t\t<div class='uagb-post__image'>\n\t\t\t\t\t\t\t\t\t<a href=\"https:\/\/elordendeloslibros.com\/en\/order-of-manolito-gafotas-books\/\" target=\"_self\" rel=\"bookmark noopener noreferrer\"><img loading=\"lazy\" decoding=\"async\" width=\"1024\" height=\"576\" src=\"https:\/\/elordendeloslibros.com\/wp-content\/uploads\/2025\/02\/manolitop-1024x576.webp\" class=\"attachment-large size-large\" alt=\"\" srcset=\"https:\/\/elordendeloslibros.com\/wp-content\/uploads\/2025\/02\/manolitop-1024x576.webp 1024w, https:\/\/elordendeloslibros.com\/wp-content\/uploads\/2025\/02\/manolitop-300x169.webp 300w, https:\/\/elordendeloslibros.com\/wp-content\/uploads\/2025\/02\/manolitop-768x432.webp 768w, https:\/\/elordendeloslibros.com\/wp-content\/uploads\/2025\/02\/manolitop-1536x864.webp 1536w, https:\/\/elordendeloslibros.com\/wp-content\/uploads\/2025\/02\/manolitop-18x10.webp 18w, https:\/\/elordendeloslibros.com\/wp-content\/uploads\/2025\/02\/manolitop.webp 1920w\" sizes=\"auto, (max-width: 1024px) 100vw, 1024px\" \/>\t\t\t\t\t<\/a>\n\t\t\t\t\t\t\t\t\t<\/div>\n\t\t\t\n\t\t\t\t\t\t\t\t\t<\/article>\n\t\t\t\t\t\t\t\t\t\t\t\t\t\t\t\t<article class=\"uagb-post__inner-wrap\">\t\t\t\t\t\t\t\t<h4 class=\"uagb-post__title uagb-post__text\">\n\t\t\t\t<a href=\"https:\/\/elordendeloslibros.com\/en\/dune-book-order\/\" target=\"_self\" rel=\"bookmark noopener noreferrer\">Dune Book Order: Complete Guide 2025<\/a>\n\t\t\t<\/h4>\n\t\t\t\t\t\t<div class='uagb-post__text uagb-post-grid-byline'>\n\t\t\t\t\t\t\t<\/div>\n\t\t\t\t\t\t<div class=\"uagb-post__text uagb-post__cta wp-block-button\">\n\t\t\t\t<a class=\"wp-block-button__link uagb-text-link\" style=\"\" href=\"https:\/\/elordendeloslibros.com\/en\/dune-book-order\/\" target=\"_self\" rel=\"bookmark noopener noreferrer\">Read More<\/a>\n\t\t\t<\/div>\n\t\t\t\t\t\t<div class='uagb-post__image'>\n\t\t\t\t\t\t\t\t\t<a href=\"https:\/\/elordendeloslibros.com\/en\/dune-book-order\/\" target=\"_self\" rel=\"bookmark noopener noreferrer\"><img loading=\"lazy\" decoding=\"async\" width=\"1024\" height=\"576\" src=\"https:\/\/elordendeloslibros.com\/wp-content\/uploads\/2024\/10\/Dune-1024x576.webp\" class=\"attachment-large size-large\" alt=\"dune saga books order\" srcset=\"https:\/\/elordendeloslibros.com\/wp-content\/uploads\/2024\/10\/Dune-1024x576.webp 1024w, https:\/\/elordendeloslibros.com\/wp-content\/uploads\/2024\/10\/Dune-300x169.webp 300w, https:\/\/elordendeloslibros.com\/wp-content\/uploads\/2024\/10\/Dune-768x432.webp 768w, https:\/\/elordendeloslibros.com\/wp-content\/uploads\/2024\/10\/Dune.webp 1500w\" sizes=\"auto, (max-width: 1024px) 100vw, 1024px\" \/>\t\t\t\t\t<\/a>\n\t\t\t\t\t\t\t\t\t<\/div>\n\t\t\t\n\t\t\t\t\t\t\t\t\t<\/article>\n\t\t\t\t\t\t\t\t\t\t\t\t\t\t\t\t<article class=\"uagb-post__inner-wrap\">\t\t\t\t\t\t\t\t<h4 class=\"uagb-post__title uagb-post__text\">\n\t\t\t\t<a href=\"https:\/\/elordendeloslibros.com\/en\/order-of-the-wings-of-blood-saga-by-rebecca-yarros\/\" target=\"_self\" rel=\"bookmark noopener noreferrer\">\ud83d\udcda Empyrean Saga (Wings of Blood): Book order, summary, and complete guide<\/a>\n\t\t\t<\/h4>\n\t\t\t\t\t\t<div class='uagb-post__text uagb-post-grid-byline'>\n\t\t\t\t\t\t\t<\/div>\n\t\t\t\t\t\t<div class=\"uagb-post__text uagb-post__cta wp-block-button\">\n\t\t\t\t<a class=\"wp-block-button__link uagb-text-link\" style=\"\" href=\"https:\/\/elordendeloslibros.com\/en\/order-of-the-wings-of-blood-saga-by-rebecca-yarros\/\" target=\"_self\" rel=\"bookmark noopener noreferrer\">Read More<\/a>\n\t\t\t<\/div>\n\t\t\t\t\t\t<div class='uagb-post__image'>\n\t\t\t\t\t\t\t\t\t<a href=\"https:\/\/elordendeloslibros.com\/en\/order-of-the-wings-of-blood-saga-by-rebecca-yarros\/\" target=\"_self\" rel=\"bookmark noopener noreferrer\"><img loading=\"lazy\" decoding=\"async\" width=\"1024\" height=\"576\" src=\"https:\/\/elordendeloslibros.com\/wp-content\/uploads\/2024\/11\/maxresdefault-1024x576.webp\" class=\"attachment-large size-large\" alt=\"wings of blood saga\" srcset=\"https:\/\/elordendeloslibros.com\/wp-content\/uploads\/2024\/11\/maxresdefault-1024x576.webp 1024w, https:\/\/elordendeloslibros.com\/wp-content\/uploads\/2024\/11\/maxresdefault-300x169.webp 300w, https:\/\/elordendeloslibros.com\/wp-content\/uploads\/2024\/11\/maxresdefault-768x432.webp 768w, https:\/\/elordendeloslibros.com\/wp-content\/uploads\/2024\/11\/maxresdefault-18x10.webp 18w, https:\/\/elordendeloslibros.com\/wp-content\/uploads\/2024\/11\/maxresdefault.webp 1280w\" sizes=\"auto, (max-width: 1024px) 100vw, 1024px\" \/>\t\t\t\t\t<\/a>\n\t\t\t\t\t\t\t\t\t<\/div>\n\t\t\t\n\t\t\t\t\t\t\t\t\t<\/article>\n\t\t\t\t\t\t\t\t\t\t\t\t\t\t\t\t<article class=\"uagb-post__inner-wrap\">\t\t\t\t\t\t\t\t<h4 class=\"uagb-post__title uagb-post__text\">\n\t\t\t\t<a href=\"https:\/\/elordendeloslibros.com\/en\/cozy-mystery-books-of-intrigue-and-mystery-for-everyone\/\" target=\"_self\" rel=\"bookmark noopener noreferrer\">Cozy Mystery: Intrigue and mystery books for everyone<\/a>\n\t\t\t<\/h4>\n\t\t\t\t\t\t<div class='uagb-post__text uagb-post-grid-byline'>\n\t\t\t\t\t\t\t<\/div>\n\t\t\t\t\t\t<div class=\"uagb-post__text uagb-post__cta wp-block-button\">\n\t\t\t\t<a class=\"wp-block-button__link uagb-text-link\" style=\"\" href=\"https:\/\/elordendeloslibros.com\/en\/cozy-mystery-books-of-intrigue-and-mystery-for-everyone\/\" target=\"_self\" rel=\"bookmark noopener noreferrer\">Read More<\/a>\n\t\t\t<\/div>\n\t\t\t\t\t\t<div class='uagb-post__image'>\n\t\t\t\t\t\t\t\t\t<a href=\"https:\/\/elordendeloslibros.com\/en\/cozy-mystery-books-of-intrigue-and-mystery-for-everyone\/\" target=\"_self\" rel=\"bookmark noopener noreferrer\"><img loading=\"lazy\" decoding=\"async\" width=\"1024\" height=\"576\" src=\"https:\/\/elordendeloslibros.com\/wp-content\/uploads\/2024\/12\/Cozy-Mystety-1024x576.webp\" class=\"attachment-large size-large\" alt=\"\" srcset=\"https:\/\/elordendeloslibros.com\/wp-content\/uploads\/2024\/12\/Cozy-Mystety-1024x576.webp 1024w, https:\/\/elordendeloslibros.com\/wp-content\/uploads\/2024\/12\/Cozy-Mystety-300x169.webp 300w, https:\/\/elordendeloslibros.com\/wp-content\/uploads\/2024\/12\/Cozy-Mystety-768x432.webp 768w, https:\/\/elordendeloslibros.com\/wp-content\/uploads\/2024\/12\/Cozy-Mystety-1536x864.webp 1536w, https:\/\/elordendeloslibros.com\/wp-content\/uploads\/2024\/12\/Cozy-Mystety-18x10.webp 18w, https:\/\/elordendeloslibros.com\/wp-content\/uploads\/2024\/12\/Cozy-Mystety.webp 1920w\" sizes=\"auto, (max-width: 1024px) 100vw, 1024px\" \/>\t\t\t\t\t<\/a>\n\t\t\t\t\t\t\t\t\t<\/div>\n\t\t\t\n\t\t\t\t\t\t\t\t\t<\/article>\n\t\t\t\t\t\t\t\t\t\t\t\t\t\t\t\t<article class=\"uagb-post__inner-wrap\">\t\t\t\t\t\t\t\t<h4 class=\"uagb-post__title uagb-post__text\">\n\t\t\t\t<a href=\"https:\/\/elordendeloslibros.com\/en\/organize-your-library-like-a-pro-ideas-for-organizing-books\/\" target=\"_self\" rel=\"bookmark noopener noreferrer\">Organize your library like a pro. Ideas for organizing books<\/a>\n\t\t\t<\/h4>\n\t\t\t\t\t\t<div class='uagb-post__text uagb-post-grid-byline'>\n\t\t\t\t\t\t\t<\/div>\n\t\t\t\t\t\t<div class=\"uagb-post__text uagb-post__cta wp-block-button\">\n\t\t\t\t<a class=\"wp-block-button__link uagb-text-link\" style=\"\" href=\"https:\/\/elordendeloslibros.com\/en\/organize-your-library-like-a-pro-ideas-for-organizing-books\/\" target=\"_self\" rel=\"bookmark noopener noreferrer\">Read More<\/a>\n\t\t\t<\/div>\n\t\t\t\t\t\t<div class='uagb-post__image'>\n\t\t\t\t\t\t\t\t\t<a href=\"https:\/\/elordendeloslibros.com\/en\/organize-your-library-like-a-pro-ideas-for-organizing-books\/\" target=\"_self\" rel=\"bookmark noopener noreferrer\"><img loading=\"lazy\" decoding=\"async\" width=\"1024\" height=\"683\" src=\"https:\/\/elordendeloslibros.com\/wp-content\/uploads\/2025\/02\/lawyer-office-shelf-1024x683.webp\" class=\"attachment-large size-large\" alt=\"\" srcset=\"https:\/\/elordendeloslibros.com\/wp-content\/uploads\/2025\/02\/lawyer-office-shelf-1024x683.webp 1024w, https:\/\/elordendeloslibros.com\/wp-content\/uploads\/2025\/02\/lawyer-office-shelf-300x200.webp 300w, https:\/\/elordendeloslibros.com\/wp-content\/uploads\/2025\/02\/lawyer-office-shelf-768x513.webp 768w, https:\/\/elordendeloslibros.com\/wp-content\/uploads\/2025\/02\/lawyer-office-shelf-1536x1025.webp 1536w, https:\/\/elordendeloslibros.com\/wp-content\/uploads\/2025\/02\/lawyer-office-shelf-2048x1367.webp 2048w, https:\/\/elordendeloslibros.com\/wp-content\/uploads\/2025\/02\/lawyer-office-shelf-18x12.webp 18w\" sizes=\"auto, (max-width: 1024px) 100vw, 1024px\" \/>\t\t\t\t\t<\/a>\n\t\t\t\t\t\t\t\t\t<\/div>\n\t\t\t\n\t\t\t\t\t\t\t\t\t<\/article>\n\t\t\t\t\t\t\t\t\t\t\t<\/div>\n\t\t\t\n\n\n<h2 class=\"wp-block-heading\" id=\"1-resumen-del-autor-sarah-j-maas\">Author Summary: Sarah J. Maas<\/h2>\n\n\n\n<p><strong><a href=\"https:\/\/elordendeloslibros.com\/en\/throne-of-glass-saga-book-order\/\">Sarah J. Maas<\/a><\/strong> Maas is an American author of young adult and fantasy literature, born on March 5, 1986. Known for her intricate plots, complex characters, and richly constructed worlds, Maas has gained worldwide popularity, especially for her two hit series: <strong>\u00ab<a href=\"https:\/\/elordendeloslibros.com\/en\/throne-of-glass-saga-book-order\/\">Throne of Glass<\/a>\u00ab<\/strong> and <strong>\u00abA Court of Thorns and Roses\u00bb (ACOTAR)<\/strong>. <\/p>\n\n\n\n<p>The latter has been particularly acclaimed among fans of romantic fantasy due to its mix of romance, adventure and deep construction of the fairy universe. Sarah J. Maas continues to expand her work with new projects and adaptations of her books for television, consolidating her as one of the most influential contemporary authors in the fantasy genre.<\/p>\n\n\n\n<h3 class=\"wp-block-heading\" id=\"2-orden-de-publicaci%C3%B3n-de-los-libros-de-acotar\">Publication Order of ACOTAR Books<\/h3>\n\n\n\n<p>The main ACOTAR series consists of five books, although Sarah J. Maas has mentioned the possibility of expanding the universe in the future. Below is the order in which the books have been published to date.<\/p>\n\n\n\n<h4 class=\"wp-block-heading\" id=\"3-1-una-corte-de-rosas-y-espinas-2015\">1. <strong><a href=\"https:\/\/amzn.to\/3YOThh8\" target=\"_blank\" rel=\"noreferrer noopener nofollow\">A Court of Thorns and Roses<\/a><\/strong> (2015)<\/h4>\n\n\n\n<p>Feyre Archeron, a young hunter, kills a wolf in the forest, unaware that it is a fae. As punishment, she is taken to the realm of Prythian, where she is held prisoner by <strong>Tamlin<\/strong>, a powerful high fae of the Spring Court.<\/p>\n\n\n\n<p>As Feyre and Tamlin get to know each other, she uncovers dark secrets and confronts an ancient curse that threatens to destroy the faerie world.<\/p>\n\n\n\n<div class=\"aawp\">\n\n    <table class=\"aawp-table\">\n        <thead>\n            <tr>\n                                <th class=\"aawp-table__th-thumb\">Preview<\/th>\n                <th class=\"aawp-table__th-title\">Product<\/th>\n                                                    <th class=\"aawp-table__th-pricing\">Price<\/th>\n                                <th class=\"aawp-table__th-links\"><\/th>\n            <\/tr>\n        <\/thead>\n        <tbody>\n                    \n            <tr class=\"aawp-product\"  data-aawp-product-asin=\"8408285297\" data-aawp-product-id=\"11681\" data-aawp-tracking-id=\"elordendeloslibros-21\" data-aawp-product-title=\"Una corte de rosas y espinas Edici\u00f3n especial  Edici\u00f3n especial con cantos tintados  1  Ficci\u00f3n\" data-aawp-geotargeting=\"true\" data-aawp-click-tracking=\"asin\" data-aawp-local-click-tracking=\"1\">\n                                <td class=\"aawp-table__td-thumb\" data-label=\"Preview\">\n                    <a href=\"https:\/\/www.amazon.es\/dp\/8408285297?tag=elordendeloslibros-21&#038;linkCode=ogi&#038;th=1&#038;psc=1\" title=\"A Court of Thorns and Roses. Special Edition: Special Edition with tinted edges: 1 (Fiction)\" rel=\"nofollow noopener sponsored\" target=\"_blank\">\n                        <img decoding=\"async\" class=\"aawp-product__img\" src=\"https:\/\/m.media-amazon.com\/images\/I\/41DhQG5PKEL._SL160_.jpg\" alt=\"A Court of Thorns and Roses. Special Edition: Special Edition with tinted edges: 1 (Fiction)\"  \/>\n                    <\/a>\n                <\/td>\n                <td class=\"aawp-table__td-title\" data-label=\"Product\">\n                    <a class=\"aawp-product__title\" href=\"https:\/\/www.amazon.es\/dp\/8408285297?tag=elordendeloslibros-21&#038;linkCode=ogi&#038;th=1&#038;psc=1\" title=\"A Court of Thorns and Roses. Special Edition: Special Edition with tinted edges: 1 (Fiction)\"\n                       rel=\"nofollow noopener sponsored\" target=\"_blank\">A Court of Thorns and Roses. Special Edition: Special Edition with tinted edges: 1 (Fiction)                    <\/a>\n                <\/td>\n                                                    <td class=\"aawp-table__td-pricing\" data-label=\"Price\">\n                                                <span class=\"aawp-product__price\"><\/span>                    <\/td>\n                                <td class=\"aawp-table__td-links\" data-label=\"Link\">\n                    <a class=\"aawp-button aawp-button--buy aawp-button aawp-button--amazon rounded shadow aawp-button--icon aawp-button--icon-black\" href=\"https:\/\/www.amazon.es\/dp\/8408285297?tag=elordendeloslibros-21&#038;linkCode=ogi&#038;th=1&#038;psc=1\" title=\"Buy on Amazon\" target=\"_blank\" rel=\"nofollow noopener sponsored\">Buy on Amazon<\/a>                <\/td>\n            <\/tr>\n\n                <\/tbody>\n    <\/table>\n\n<\/div>\n\n\n\n<h4 class=\"wp-block-heading\" id=\"4-2-una-corte-de-niebla-y-furia-2016\">2. <strong><a href=\"https:\/\/amzn.to\/3YCq2MW\" target=\"_blank\" rel=\"noreferrer noopener nofollow\">A Court of Mist and Fury<\/a><\/strong> (2016)<\/h4>\n\n\n\n<p>Following the events of the first installment, Feyre struggles with the aftermath of her traumas and an internal shift as she adjusts to her new life. Her relationship with Tamlin becomes strained, and she finds support in <strong>Rhysand<\/strong>, the mysterious High Lord of the Night Court. <\/p>\n\n\n\n<p>With it, he discovers more about his own power and becomes involved in a larger plot to protect his world from an impending war.<\/p>\n\n\n\n<div class=\"aawp\">\n\n    <table class=\"aawp-table\">\n        <thead>\n            <tr>\n                                <th class=\"aawp-table__th-thumb\">Preview<\/th>\n                <th class=\"aawp-table__th-title\">Product<\/th>\n                                                    <th class=\"aawp-table__th-pricing\">Price<\/th>\n                                <th class=\"aawp-table__th-links\"><\/th>\n            <\/tr>\n        <\/thead>\n        <tbody>\n                    \n            <tr class=\"aawp-product\"  data-aawp-product-asin=\"8408290967\" data-aawp-product-id=\"11682\" data-aawp-tracking-id=\"elordendeloslibros-21\" data-aawp-product-title=\"Una corte de niebla y furia Edici\u00f3n especial  Una corte de rosas y espinas 2 Edici\u00f3n especial con cantos tintados  Ficci\u00f3n\" data-aawp-geotargeting=\"true\" data-aawp-click-tracking=\"asin\" data-aawp-local-click-tracking=\"1\">\n                                <td class=\"aawp-table__td-thumb\" data-label=\"Preview\">\n                    <a href=\"https:\/\/www.amazon.es\/dp\/8408290967?tag=elordendeloslibros-21&#038;linkCode=ogi&#038;th=1&#038;psc=1\" title=\"A Court of Mist and Fury. Special Edition: A Court of Thorns and Roses 2. Special Edition with Tinted Edges (Fiction)\" rel=\"nofollow noopener sponsored\" target=\"_blank\">\n                        <img decoding=\"async\" class=\"aawp-product__img\" src=\"https:\/\/m.media-amazon.com\/images\/I\/41iK3igNvyL._SL160_.jpg\" alt=\"A Court of Mist and Fury. Special Edition: A Court of Thorns and Roses 2. Special Edition with Tinted Edges (Fiction)\"  \/>\n                    <\/a>\n                <\/td>\n                <td class=\"aawp-table__td-title\" data-label=\"Product\">\n                    <a class=\"aawp-product__title\" href=\"https:\/\/www.amazon.es\/dp\/8408290967?tag=elordendeloslibros-21&#038;linkCode=ogi&#038;th=1&#038;psc=1\" title=\"A Court of Mist and Fury. Special Edition: A Court of Thorns and Roses 2. Special Edition with Tinted Edges (Fiction)\"\n                       rel=\"nofollow noopener sponsored\" target=\"_blank\">A Court of Mist and Fury. Special Edition: A Court of Thorns and Roses 2. Special Edition\u2026                    <\/a>\n                <\/td>\n                                                    <td class=\"aawp-table__td-pricing\" data-label=\"Price\">\n                                                <span class=\"aawp-product__price\"><\/span>                    <\/td>\n                                <td class=\"aawp-table__td-links\" data-label=\"Link\">\n                    <a class=\"aawp-button aawp-button--buy aawp-button aawp-button--amazon rounded shadow aawp-button--icon aawp-button--icon-black\" href=\"https:\/\/www.amazon.es\/dp\/8408290967?tag=elordendeloslibros-21&#038;linkCode=ogi&#038;th=1&#038;psc=1\" title=\"Buy on Amazon\" target=\"_blank\" rel=\"nofollow noopener sponsored\">Buy on Amazon<\/a>                <\/td>\n            <\/tr>\n\n                <\/tbody>\n    <\/table>\n\n<\/div>\n\n\n\n<figure class=\"wp-block-image aligncenter size-full\"><a href=\"https:\/\/www.amazon.es\/kindle-dbs\/hz\/subscribe\/ku?tag=elordendeloslibros-21\" target=\"_blank\" rel=\"noreferrer noopener\"><img loading=\"lazy\" decoding=\"async\" width=\"377\" height=\"300\" src=\"https:\/\/elordendeloslibros.com\/wp-content\/uploads\/2024\/10\/Kindle-unlimited.webp\" alt=\"https:\/\/www.amazon.es\/kindle-dbs\/hz\/subscribe\/ku?tag=elordendeloslibros-21\" class=\"wp-image-52\" srcset=\"https:\/\/elordendeloslibros.com\/wp-content\/uploads\/2024\/10\/Kindle-unlimited.webp 377w, https:\/\/elordendeloslibros.com\/wp-content\/uploads\/2024\/10\/Kindle-unlimited-300x239.webp 300w\" sizes=\"auto, (max-width: 377px) 100vw, 377px\" \/><\/a><\/figure>\n\n\n\n<h4 class=\"wp-block-heading\" id=\"5-3-una-corte-de-alas-y-ruina-2017\">3. <strong><a href=\"https:\/\/amzn.to\/3ArEDTw\" target=\"_blank\" rel=\"noreferrer noopener nofollow\">A Court of Wings and Ruin<\/a><\/strong> (2017)<\/h4>\n\n\n\n<p>In the climax of the main trilogy, Feyre returns to the Spring Court in an attempt to sabotage the war plans of Hybern, the enemy kingdom, from within. The story culminates in a great battle that will decide the fate of Prythian and all the faerie kingdoms, testing the alliances and courage of Feyre and those she loves.<\/p>\n\n\n\n<div class=\"aawp\">\n\n    <table class=\"aawp-table\">\n        <thead>\n            <tr>\n                                <th class=\"aawp-table__th-thumb\">Preview<\/th>\n                <th class=\"aawp-table__th-title\">Product<\/th>\n                                                    <th class=\"aawp-table__th-pricing\">Price<\/th>\n                                <th class=\"aawp-table__th-links\"><\/th>\n            <\/tr>\n        <\/thead>\n        <tbody>\n                    \n            <tr class=\"aawp-product\"  data-aawp-product-asin=\"8408292676\" data-aawp-product-id=\"11683\" data-aawp-tracking-id=\"elordendeloslibros-21\" data-aawp-product-title=\"Una corte de alas y ruina Edici\u00f3n especial  Una corte de rosas y espinas 3 Edici\u00f3n especial con cantos tintados  Ficci\u00f3n\" data-aawp-geotargeting=\"true\" data-aawp-click-tracking=\"asin\" data-aawp-local-click-tracking=\"1\">\n                                <td class=\"aawp-table__td-thumb\" data-label=\"Preview\">\n                    <a href=\"https:\/\/www.amazon.es\/dp\/8408292676?tag=elordendeloslibros-21&#038;linkCode=ogi&#038;th=1&#038;psc=1\" title=\"A Court of Wings and Ruin. Special Edition: A Court of Thorns and Roses 3. Special Edition with Tinted Edges (Fiction)\" rel=\"nofollow noopener sponsored\" target=\"_blank\">\n                        <img decoding=\"async\" class=\"aawp-product__img\" src=\"https:\/\/m.media-amazon.com\/images\/I\/414jghEIUFL._SL160_.jpg\" alt=\"A Court of Wings and Ruin. Special Edition: A Court of Thorns and Roses 3. Special Edition with Tinted Edges (Fiction)\"  \/>\n                    <\/a>\n                <\/td>\n                <td class=\"aawp-table__td-title\" data-label=\"Product\">\n                    <a class=\"aawp-product__title\" href=\"https:\/\/www.amazon.es\/dp\/8408292676?tag=elordendeloslibros-21&#038;linkCode=ogi&#038;th=1&#038;psc=1\" title=\"A Court of Wings and Ruin. Special Edition: A Court of Thorns and Roses 3. Special Edition with Tinted Edges (Fiction)\"\n                       rel=\"nofollow noopener sponsored\" target=\"_blank\">A Court of Wings and Ruin. Special Edition: A Court of Thorns and Roses 3. Special Edition with\u2026                    <\/a>\n                <\/td>\n                                                    <td class=\"aawp-table__td-pricing\" data-label=\"Price\">\n                                                <span class=\"aawp-product__price\"><\/span>                    <\/td>\n                                <td class=\"aawp-table__td-links\" data-label=\"Link\">\n                    <a class=\"aawp-button aawp-button--buy aawp-button aawp-button--amazon rounded shadow aawp-button--icon aawp-button--icon-black\" href=\"https:\/\/www.amazon.es\/dp\/8408292676?tag=elordendeloslibros-21&#038;linkCode=ogi&#038;th=1&#038;psc=1\" title=\"Buy on Amazon\" target=\"_blank\" rel=\"nofollow noopener sponsored\">Buy on Amazon<\/a>                <\/td>\n            <\/tr>\n\n                <\/tbody>\n    <\/table>\n\n<\/div>\n\n\n\n<h4 class=\"wp-block-heading\" id=\"6-4-una-corte-de-hielo-y-estrellas-2018\">4. <strong><a href=\"https:\/\/amzn.to\/40yVkHk\" target=\"_blank\" rel=\"noreferrer noopener nofollow\">A Court of Ice and Stars<\/a><\/strong> (2018)<\/h4>\n\n\n\n<p>This is a transitional book that follows the events after the war. The novel chronicles the lives of Feyre, Rhysand, and their friends as they try to rebuild their homes and overcome the scars of battle. Although it is a shorter story, it provides insight into the characters&#039; everyday lives and internal struggles.<\/p>\n\n\n\n<div class=\"aawp\">\n\n    <table class=\"aawp-table\">\n        <thead>\n            <tr>\n                                <th class=\"aawp-table__th-thumb\">Preview<\/th>\n                <th class=\"aawp-table__th-title\">Product<\/th>\n                                                    <th class=\"aawp-table__th-pricing\">Price<\/th>\n                                <th class=\"aawp-table__th-links\"><\/th>\n            <\/tr>\n        <\/thead>\n        <tbody>\n                    \n            <tr class=\"aawp-product\"  data-aawp-product-asin=\"8408257137\" data-aawp-product-id=\"11684\" data-aawp-tracking-id=\"elordendeloslibros-21\" data-aawp-product-title=\"Una corte de hielo y estrellas  Una corte de rosas y espinas 4  Ficci\u00f3n\" data-aawp-geotargeting=\"true\" data-aawp-click-tracking=\"asin\" data-aawp-local-click-tracking=\"1\">\n                                <td class=\"aawp-table__td-thumb\" data-label=\"Preview\">\n                    <a href=\"https:\/\/www.amazon.es\/dp\/8408257137?tag=elordendeloslibros-21&#038;linkCode=ogi&#038;th=1&#038;psc=1\" title=\"A Court of Ice and Stars: A Court of Thorns and Roses 4 (Fiction)\" rel=\"nofollow noopener sponsored\" target=\"_blank\">\n                        <img decoding=\"async\" class=\"aawp-product__img\" src=\"https:\/\/m.media-amazon.com\/images\/I\/41MY2V+cf1L._SL160_.jpg\" alt=\"A Court of Ice and Stars: A Court of Thorns and Roses 4 (Fiction)\"  \/>\n                    <\/a>\n                <\/td>\n                <td class=\"aawp-table__td-title\" data-label=\"Product\">\n                    <a class=\"aawp-product__title\" href=\"https:\/\/www.amazon.es\/dp\/8408257137?tag=elordendeloslibros-21&#038;linkCode=ogi&#038;th=1&#038;psc=1\" title=\"A Court of Ice and Stars: A Court of Thorns and Roses 4 (Fiction)\"\n                       rel=\"nofollow noopener sponsored\" target=\"_blank\">A Court of Ice and Stars: A Court of Thorns and Roses 4 (Fiction)                    <\/a>\n                <\/td>\n                                                    <td class=\"aawp-table__td-pricing\" data-label=\"Price\">\n                                                <span class=\"aawp-product__price\"><\/span>                    <\/td>\n                                <td class=\"aawp-table__td-links\" data-label=\"Link\">\n                    <a class=\"aawp-button aawp-button--buy aawp-button aawp-button--amazon rounded shadow aawp-button--icon aawp-button--icon-black\" href=\"https:\/\/www.amazon.es\/dp\/8408257137?tag=elordendeloslibros-21&#038;linkCode=ogi&#038;th=1&#038;psc=1\" title=\"Buy on Amazon\" target=\"_blank\" rel=\"nofollow noopener sponsored\">Buy on Amazon<\/a>                <\/td>\n            <\/tr>\n\n                <\/tbody>\n    <\/table>\n\n<\/div>\n\n\n\n<h4 class=\"wp-block-heading\" id=\"7-5-una-corte-de-llamas-plateadas-2021\">5. <strong><a href=\"https:\/\/amzn.to\/3UAkuBD\" target=\"_blank\" rel=\"noreferrer noopener nofollow\">A Court of Silver Flames<\/a><\/strong> (2021)<\/h4>\n\n\n\n<p>This book focuses on <strong>Nesta Archeron<\/strong>, Feyre&#039;s sister, and her struggle to overcome her traumas and find her place in the world. Nesta, who has always had a strained relationship with Feyre, begins a process of self-discovery and healing. <\/p>\n\n\n\n<p>This book delves into themes of grief and redemption as Nesta finds her purpose alongside <strong>Cassian<\/strong>, a winged warrior of the Night Court.<\/p>\n\n\n\n<div class=\"aawp\">\n\n    <table class=\"aawp-table\">\n        <thead>\n            <tr>\n                                <th class=\"aawp-table__th-thumb\">Preview<\/th>\n                <th class=\"aawp-table__th-title\">Product<\/th>\n                                                    <th class=\"aawp-table__th-pricing\">Price<\/th>\n                                <th class=\"aawp-table__th-links\"><\/th>\n            <\/tr>\n        <\/thead>\n        <tbody>\n                    \n            <tr class=\"aawp-product\"  data-aawp-product-asin=\"8408249428\" data-aawp-product-id=\"11685\" data-aawp-tracking-id=\"elordendeloslibros-21\" data-aawp-product-title=\"Una corte de llamas plateadas 5  Ficci\u00f3n   edici\u00f3n en espa\u00f1ol\" data-aawp-geotargeting=\"true\" data-aawp-click-tracking=\"asin\" data-aawp-local-click-tracking=\"1\">\n                                <td class=\"aawp-table__td-thumb\" data-label=\"Preview\">\n                    <a href=\"https:\/\/www.amazon.es\/dp\/8408249428?tag=elordendeloslibros-21&#038;linkCode=ogi&#038;th=1&#038;psc=1\" title=\"A Court of Silver Flames 5 (Fiction) (Spanish Edition)\" rel=\"nofollow noopener sponsored\" target=\"_blank\">\n                        <img decoding=\"async\" class=\"aawp-product__img\" src=\"https:\/\/m.media-amazon.com\/images\/I\/51k52vH+uUL._SL160_.jpg\" alt=\"A Court of Silver Flames 5 (Fiction) (Spanish Edition)\"  \/>\n                    <\/a>\n                <\/td>\n                <td class=\"aawp-table__td-title\" data-label=\"Product\">\n                    <a class=\"aawp-product__title\" href=\"https:\/\/www.amazon.es\/dp\/8408249428?tag=elordendeloslibros-21&#038;linkCode=ogi&#038;th=1&#038;psc=1\" title=\"A Court of Silver Flames 5 (Fiction) (Spanish Edition)\"\n                       rel=\"nofollow noopener sponsored\" target=\"_blank\">A Court of Silver Flames 5 (Fiction) (Spanish Edition)                    <\/a>\n                <\/td>\n                                                    <td class=\"aawp-table__td-pricing\" data-label=\"Price\">\n                                                <span class=\"aawp-product__price\"><\/span>                    <\/td>\n                                <td class=\"aawp-table__td-links\" data-label=\"Link\">\n                    <a class=\"aawp-button aawp-button--buy aawp-button aawp-button--amazon rounded shadow aawp-button--icon aawp-button--icon-black\" href=\"https:\/\/www.amazon.es\/dp\/8408249428?tag=elordendeloslibros-21&#038;linkCode=ogi&#038;th=1&#038;psc=1\" title=\"Buy on Amazon\" target=\"_blank\" rel=\"nofollow noopener sponsored\">Buy on Amazon<\/a>                <\/td>\n            <\/tr>\n\n                <\/tbody>\n    <\/table>\n\n<\/div>\n\n\n\n<h2 class=\"wp-block-heading\" id=\"8-orden-de-lectura-recomendado\">Recommended Reading Order<\/h2>\n\n\n\n<p>While publication order can work well, some readers prefer a reading order that allows them to better understand the development of certain characters and subplots. Here is a recommended reading order:<\/p>\n\n\n\n<ol class=\"wp-block-list\">\n<li><strong>A Court of Thorns and Roses<\/strong>: It begins with the first book, where the world of Prythian is introduced and the events that drive the entire saga are established.<\/li>\n\n\n\n<li><strong>A Court of Mist and Fury<\/strong>: This second book is essential, as it expands the fairy universe and delves deeper into the main characters, especially Feyre and Rhysand.<\/li>\n\n\n\n<li><strong>A Court of Wings and Ruin<\/strong>: The third book is the climax of the main plot and resolves much of the conflict presented in the previous books.<\/li>\n\n\n\n<li><strong>A Court of Ice and Stars<\/strong>: Although shorter, this book provides a bridge between the original trilogy and the books focusing on other characters. It is recommended to read it here to understand the transition in Feyre and Rhysand&#039;s lives.<\/li>\n\n\n\n<li><strong>A Court of Silver Flames<\/strong>: It concludes with this book, which offers a fresh perspective through Nesta and Cassian, exploring new themes and continuing the expansion of the world of ACOTAR.<\/li>\n<\/ol>\n\n\n\n<a href=\"https:\/\/go.nordvpn.net\/aff_c?offer_id=725&#038;aff_id=110372&#038;file_id=739\"><img loading=\"lazy\" decoding=\"async\" src=\"https:\/\/media.go2speed.org\/brand\/files\/nordvpn\/725\/discount-growth-august-sales-campaign-700x500-es.jpg\" width=\"700\" height=\"500\" border=\"0\" \/><\/a><img loading=\"lazy\" decoding=\"async\" src=\"https:\/\/go.nordvpn.net\/aff_i?offer_id=725&#038;file_id=739&#038;aff_id=110372\" width=\"0\" height=\"0\" style=\"position:absolute;visibility:hidden;\" border=\"0\" \/>\n\n\n\n<h2 class=\"wp-block-heading\" id=\"9-temas-principales-de-la-saga-acotar\">Main Themes of the ACOTAR Saga<\/h2>\n\n\n\n<p>The ACOTAR saga is characterized by exploring a series of deep themes that resonate with readers:<\/p>\n\n\n\n<ul class=\"wp-block-list\">\n<li><strong>Self-improvement and resilience<\/strong>: Both Feyre and other characters face personal traumas and must find ways to overcome their fears and grow.<\/li>\n\n\n\n<li><strong>Complex relationships<\/strong>: The series examines family, friendship and romance dynamics in an honest way, showing both love and hardships.<\/li>\n\n\n\n<li><strong>Fight for power and justice<\/strong>: Throughout the saga, conflicts of power and justice are explored, with kingdoms in dispute and characters fighting to protect those they love.<\/li>\n\n\n\n<li><strong>Identity and self-discovery<\/strong>: Feyre and other characters discover deeper aspects of themselves, learning to accept their strengths and weaknesses along the way.<\/li>\n<\/ul>\n\n\n\n<h2 class=\"wp-block-heading\" id=\"10-futuro-de-la-saga-acotar-%C2%BFlibros-pendientes\">Future of the ACOTAR Saga Pending books?<\/h2>\n\n\n\n<p>Sarah J. Maas has mentioned the possibility of continuing to expand the ACOTAR universe. Fans are speculating about stories centered on other characters from the series and new adventures in the world of Prythian. Additionally, a possible television adaptation is in the works, which could attract new readers and expand the ACOTAR universe in a visual format.<\/p>","protected":false},"excerpt":{"rendered":"<p>Resumen de la Saga ACOTAR La saga \u00abUna Corte de Rosas y Espinas\u00bb (ACOTAR) se centra en Feyre Archeron, una joven humana que es llevada al peligroso y m\u00e1gico reino de los fae tras matar a una criatura que resulta ser un fe\u00e9rico. La historia, inspirada en cuentos de hadas como \u00abLa Bella y la [&hellip;]<\/p>\n","protected":false},"author":1,"featured_media":460,"comment_status":"open","ping_status":"open","sticky":false,"template":"","format":"standard","meta":{"_uag_custom_page_level_css":"","footnotes":""},"categories":[99],"tags":[63,62],"class_list":["post-458","post","type-post","status-publish","format-standard","has-post-thumbnail","hentry","category-fantasia","tag-sarah-j-maas","tag-una-corte-de-rosas-y-espinas"],"blocksy_meta":[],"featured_image_src":"https:\/\/elordendeloslibros.com\/wp-content\/uploads\/2024\/11\/la-saga-de-libros-de-acotar.webp","author_info":{"display_name":"El Orden De Los Libros","author_link":"https:\/\/elordendeloslibros.com\/en\/author\/eltecnologuiacomgmail-com\/"},"yoast_head":"<!-- This site is optimized with the Yoast SEO plugin v27.5 - https:\/\/yoast.com\/product\/yoast-seo-wordpress\/ -->\n<title>Orden Saga ACOTAR, libros de Una Corte de Rosas y Espinas<\/title>\n<meta name=\"description\" content=\"La saga &quot;Una Corte de Rosas y Espinas&quot; (ACOTAR) se centra en Feyre Archeron, una joven humana que es llevada al peligroso y m\u00e1gico reino de los fae.\" \/>\n<meta name=\"robots\" content=\"index, follow, max-snippet:-1, max-image-preview:large, max-video-preview:-1\" \/>\n<link rel=\"canonical\" href=\"https:\/\/elordendeloslibros.com\/en\/order-saga-abridge-books-of-a-court-of-thorns-and-roses\/\" \/>\n<meta property=\"og:locale\" content=\"en_US\" \/>\n<meta property=\"og:type\" content=\"article\" \/>\n<meta property=\"og:title\" content=\"Orden Saga ACOTAR, libros de Una Corte de Rosas y Espinas\" \/>\n<meta property=\"og:description\" content=\"La saga &quot;Una Corte de Rosas y Espinas&quot; (ACOTAR) se centra en Feyre Archeron, una joven humana que es llevada al peligroso y m\u00e1gico reino de los fae.\" \/>\n<meta property=\"og:url\" content=\"https:\/\/elordendeloslibros.com\/en\/order-saga-abridge-books-of-a-court-of-thorns-and-roses\/\" \/>\n<meta property=\"og:site_name\" content=\"elordendeloslibros.com\" \/>\n<meta property=\"article:published_time\" content=\"2024-11-04T22:36:30+00:00\" \/>\n<meta property=\"article:modified_time\" content=\"2025-01-29T09:37:06+00:00\" \/>\n<meta property=\"og:image\" content=\"https:\/\/elordendeloslibros.com\/wp-content\/uploads\/2024\/11\/la-saga-de-libros-de-acotar.webp\" \/>\n\t<meta property=\"og:image:width\" content=\"1600\" \/>\n\t<meta property=\"og:image:height\" content=\"900\" \/>\n\t<meta property=\"og:image:type\" content=\"image\/webp\" \/>\n<meta name=\"author\" content=\"El Orden De Los Libros\" \/>\n<meta name=\"twitter:card\" content=\"summary_large_image\" \/>\n<meta name=\"twitter:label1\" content=\"Written by\" \/>\n\t<meta name=\"twitter:data1\" content=\"El Orden De Los Libros\" \/>\n\t<meta name=\"twitter:label2\" content=\"Est. reading time\" \/>\n\t<meta name=\"twitter:data2\" content=\"7 minutes\" \/>\n<script type=\"application\/ld+json\" class=\"yoast-schema-graph\">{\"@context\":\"https:\\\/\\\/schema.org\",\"@graph\":[{\"@type\":\"Article\",\"@id\":\"https:\\\/\\\/elordendeloslibros.com\\\/orden-saga-acotar-libros-de-una-corte-de-rosas-y-espinas\\\/#article\",\"isPartOf\":{\"@id\":\"https:\\\/\\\/elordendeloslibros.com\\\/orden-saga-acotar-libros-de-una-corte-de-rosas-y-espinas\\\/\"},\"author\":{\"name\":\"El Orden De Los Libros\",\"@id\":\"https:\\\/\\\/elordendeloslibros.com\\\/#\\\/schema\\\/person\\\/b1a72b9ec129b82c6097e1b5e6ec2825\"},\"headline\":\"Orden Saga ACOTAR, libros de Una Corte de Rosas y Espinas\",\"datePublished\":\"2024-11-04T22:36:30+00:00\",\"dateModified\":\"2025-01-29T09:37:06+00:00\",\"mainEntityOfPage\":{\"@id\":\"https:\\\/\\\/elordendeloslibros.com\\\/orden-saga-acotar-libros-de-una-corte-de-rosas-y-espinas\\\/\"},\"wordCount\":1128,\"commentCount\":0,\"publisher\":{\"@id\":\"https:\\\/\\\/elordendeloslibros.com\\\/#\\\/schema\\\/person\\\/b1a72b9ec129b82c6097e1b5e6ec2825\"},\"image\":{\"@id\":\"https:\\\/\\\/elordendeloslibros.com\\\/orden-saga-acotar-libros-de-una-corte-de-rosas-y-espinas\\\/#primaryimage\"},\"thumbnailUrl\":\"https:\\\/\\\/elordendeloslibros.com\\\/wp-content\\\/uploads\\\/2024\\\/11\\\/la-saga-de-libros-de-acotar.webp\",\"keywords\":[\"sarah j. maas\",\"una corte de rosas y espinas\"],\"articleSection\":[\"Fantas\u00eda\"],\"inLanguage\":\"en-US\",\"potentialAction\":[{\"@type\":\"CommentAction\",\"name\":\"Comment\",\"target\":[\"https:\\\/\\\/elordendeloslibros.com\\\/orden-saga-acotar-libros-de-una-corte-de-rosas-y-espinas\\\/#respond\"]}]},{\"@type\":\"WebPage\",\"@id\":\"https:\\\/\\\/elordendeloslibros.com\\\/orden-saga-acotar-libros-de-una-corte-de-rosas-y-espinas\\\/\",\"url\":\"https:\\\/\\\/elordendeloslibros.com\\\/orden-saga-acotar-libros-de-una-corte-de-rosas-y-espinas\\\/\",\"name\":\"Orden Saga ACOTAR, libros de Una Corte de Rosas y Espinas\",\"isPartOf\":{\"@id\":\"https:\\\/\\\/elordendeloslibros.com\\\/#website\"},\"primaryImageOfPage\":{\"@id\":\"https:\\\/\\\/elordendeloslibros.com\\\/orden-saga-acotar-libros-de-una-corte-de-rosas-y-espinas\\\/#primaryimage\"},\"image\":{\"@id\":\"https:\\\/\\\/elordendeloslibros.com\\\/orden-saga-acotar-libros-de-una-corte-de-rosas-y-espinas\\\/#primaryimage\"},\"thumbnailUrl\":\"https:\\\/\\\/elordendeloslibros.com\\\/wp-content\\\/uploads\\\/2024\\\/11\\\/la-saga-de-libros-de-acotar.webp\",\"datePublished\":\"2024-11-04T22:36:30+00:00\",\"dateModified\":\"2025-01-29T09:37:06+00:00\",\"description\":\"La saga \\\"Una Corte de Rosas y Espinas\\\" (ACOTAR) se centra en Feyre Archeron, una joven humana que es llevada al peligroso y m\u00e1gico reino de los fae.\",\"breadcrumb\":{\"@id\":\"https:\\\/\\\/elordendeloslibros.com\\\/orden-saga-acotar-libros-de-una-corte-de-rosas-y-espinas\\\/#breadcrumb\"},\"inLanguage\":\"en-US\",\"potentialAction\":[{\"@type\":\"ReadAction\",\"target\":[\"https:\\\/\\\/elordendeloslibros.com\\\/orden-saga-acotar-libros-de-una-corte-de-rosas-y-espinas\\\/\"]}]},{\"@type\":\"ImageObject\",\"inLanguage\":\"en-US\",\"@id\":\"https:\\\/\\\/elordendeloslibros.com\\\/orden-saga-acotar-libros-de-una-corte-de-rosas-y-espinas\\\/#primaryimage\",\"url\":\"https:\\\/\\\/elordendeloslibros.com\\\/wp-content\\\/uploads\\\/2024\\\/11\\\/la-saga-de-libros-de-acotar.webp\",\"contentUrl\":\"https:\\\/\\\/elordendeloslibros.com\\\/wp-content\\\/uploads\\\/2024\\\/11\\\/la-saga-de-libros-de-acotar.webp\",\"width\":1600,\"height\":900},{\"@type\":\"BreadcrumbList\",\"@id\":\"https:\\\/\\\/elordendeloslibros.com\\\/orden-saga-acotar-libros-de-una-corte-de-rosas-y-espinas\\\/#breadcrumb\",\"itemListElement\":[{\"@type\":\"ListItem\",\"position\":1,\"name\":\"Portada\",\"item\":\"https:\\\/\\\/elordendeloslibros.com\\\/\"},{\"@type\":\"ListItem\",\"position\":2,\"name\":\"Orden Saga ACOTAR, libros de Una Corte de Rosas y Espinas\"}]},{\"@type\":\"WebSite\",\"@id\":\"https:\\\/\\\/elordendeloslibros.com\\\/#website\",\"url\":\"https:\\\/\\\/elordendeloslibros.com\\\/\",\"name\":\"El Orden de los Libros\",\"description\":\"\u00bfTe gusta leer? Magn\u00edfico. Est\u00e1s en tu casa.\",\"publisher\":{\"@id\":\"https:\\\/\\\/elordendeloslibros.com\\\/#\\\/schema\\\/person\\\/b1a72b9ec129b82c6097e1b5e6ec2825\"},\"potentialAction\":[{\"@type\":\"SearchAction\",\"target\":{\"@type\":\"EntryPoint\",\"urlTemplate\":\"https:\\\/\\\/elordendeloslibros.com\\\/?s={search_term_string}\"},\"query-input\":{\"@type\":\"PropertyValueSpecification\",\"valueRequired\":true,\"valueName\":\"search_term_string\"}}],\"inLanguage\":\"en-US\"},{\"@type\":[\"Person\",\"Organization\"],\"@id\":\"https:\\\/\\\/elordendeloslibros.com\\\/#\\\/schema\\\/person\\\/b1a72b9ec129b82c6097e1b5e6ec2825\",\"name\":\"El Orden De Los Libros\",\"image\":{\"@type\":\"ImageObject\",\"inLanguage\":\"en-US\",\"@id\":\"https:\\\/\\\/elordendeloslibros.com\\\/wp-content\\\/uploads\\\/2025\\\/03\\\/Logo-minimal-cuadrado.png\",\"url\":\"https:\\\/\\\/elordendeloslibros.com\\\/wp-content\\\/uploads\\\/2025\\\/03\\\/Logo-minimal-cuadrado.png\",\"contentUrl\":\"https:\\\/\\\/elordendeloslibros.com\\\/wp-content\\\/uploads\\\/2025\\\/03\\\/Logo-minimal-cuadrado.png\",\"width\":1024,\"height\":1024,\"caption\":\"El Orden De Los Libros\"},\"logo\":{\"@id\":\"https:\\\/\\\/elordendeloslibros.com\\\/wp-content\\\/uploads\\\/2025\\\/03\\\/Logo-minimal-cuadrado.png\"},\"sameAs\":[\"http:\\\/\\\/elordendeloslibros.com\"],\"url\":\"https:\\\/\\\/elordendeloslibros.com\\\/en\\\/author\\\/eltecnologuiacomgmail-com\\\/\"}]}<\/script>\n<!-- \/ Yoast SEO plugin. -->","yoast_head_json":{"title":"Order ACOTAR Saga, books from A Court of Thorns and Roses","description":"The A Court of Thorns and Roses (ACOTAR) saga focuses on Feyre Archeron, a young human girl who is taken into the dangerous and magical realm of the fae.","robots":{"index":"index","follow":"follow","max-snippet":"max-snippet:-1","max-image-preview":"max-image-preview:large","max-video-preview":"max-video-preview:-1"},"canonical":"https:\/\/elordendeloslibros.com\/en\/order-saga-abridge-books-of-a-court-of-thorns-and-roses\/","og_locale":"en_US","og_type":"article","og_title":"Orden Saga ACOTAR, libros de Una Corte de Rosas y Espinas","og_description":"La saga \"Una Corte de Rosas y Espinas\" (ACOTAR) se centra en Feyre Archeron, una joven humana que es llevada al peligroso y m\u00e1gico reino de los fae.","og_url":"https:\/\/elordendeloslibros.com\/en\/order-saga-abridge-books-of-a-court-of-thorns-and-roses\/","og_site_name":"elordendeloslibros.com","article_published_time":"2024-11-04T22:36:30+00:00","article_modified_time":"2025-01-29T09:37:06+00:00","og_image":[{"width":1600,"height":900,"url":"https:\/\/elordendeloslibros.com\/wp-content\/uploads\/2024\/11\/la-saga-de-libros-de-acotar.webp","type":"image\/webp"}],"author":"El Orden De Los Libros","twitter_card":"summary_large_image","twitter_misc":{"Written by":"El Orden De Los Libros","Est. reading time":"7 minutes"},"schema":{"@context":"https:\/\/schema.org","@graph":[{"@type":"Article","@id":"https:\/\/elordendeloslibros.com\/orden-saga-acotar-libros-de-una-corte-de-rosas-y-espinas\/#article","isPartOf":{"@id":"https:\/\/elordendeloslibros.com\/orden-saga-acotar-libros-de-una-corte-de-rosas-y-espinas\/"},"author":{"name":"El Orden De Los Libros","@id":"https:\/\/elordendeloslibros.com\/#\/schema\/person\/b1a72b9ec129b82c6097e1b5e6ec2825"},"headline":"Orden Saga ACOTAR, libros de Una Corte de Rosas y Espinas","datePublished":"2024-11-04T22:36:30+00:00","dateModified":"2025-01-29T09:37:06+00:00","mainEntityOfPage":{"@id":"https:\/\/elordendeloslibros.com\/orden-saga-acotar-libros-de-una-corte-de-rosas-y-espinas\/"},"wordCount":1128,"commentCount":0,"publisher":{"@id":"https:\/\/elordendeloslibros.com\/#\/schema\/person\/b1a72b9ec129b82c6097e1b5e6ec2825"},"image":{"@id":"https:\/\/elordendeloslibros.com\/orden-saga-acotar-libros-de-una-corte-de-rosas-y-espinas\/#primaryimage"},"thumbnailUrl":"https:\/\/elordendeloslibros.com\/wp-content\/uploads\/2024\/11\/la-saga-de-libros-de-acotar.webp","keywords":["sarah j. maas","una corte de rosas y espinas"],"articleSection":["Fantas\u00eda"],"inLanguage":"en-US","potentialAction":[{"@type":"CommentAction","name":"Comment","target":["https:\/\/elordendeloslibros.com\/orden-saga-acotar-libros-de-una-corte-de-rosas-y-espinas\/#respond"]}]},{"@type":"WebPage","@id":"https:\/\/elordendeloslibros.com\/orden-saga-acotar-libros-de-una-corte-de-rosas-y-espinas\/","url":"https:\/\/elordendeloslibros.com\/orden-saga-acotar-libros-de-una-corte-de-rosas-y-espinas\/","name":"Order ACOTAR Saga, books from A Court of Thorns and Roses","isPartOf":{"@id":"https:\/\/elordendeloslibros.com\/#website"},"primaryImageOfPage":{"@id":"https:\/\/elordendeloslibros.com\/orden-saga-acotar-libros-de-una-corte-de-rosas-y-espinas\/#primaryimage"},"image":{"@id":"https:\/\/elordendeloslibros.com\/orden-saga-acotar-libros-de-una-corte-de-rosas-y-espinas\/#primaryimage"},"thumbnailUrl":"https:\/\/elordendeloslibros.com\/wp-content\/uploads\/2024\/11\/la-saga-de-libros-de-acotar.webp","datePublished":"2024-11-04T22:36:30+00:00","dateModified":"2025-01-29T09:37:06+00:00","description":"The A Court of Thorns and Roses (ACOTAR) saga focuses on Feyre Archeron, a young human girl who is taken into the dangerous and magical realm of the fae.","breadcrumb":{"@id":"https:\/\/elordendeloslibros.com\/orden-saga-acotar-libros-de-una-corte-de-rosas-y-espinas\/#breadcrumb"},"inLanguage":"en-US","potentialAction":[{"@type":"ReadAction","target":["https:\/\/elordendeloslibros.com\/orden-saga-acotar-libros-de-una-corte-de-rosas-y-espinas\/"]}]},{"@type":"ImageObject","inLanguage":"en-US","@id":"https:\/\/elordendeloslibros.com\/orden-saga-acotar-libros-de-una-corte-de-rosas-y-espinas\/#primaryimage","url":"https:\/\/elordendeloslibros.com\/wp-content\/uploads\/2024\/11\/la-saga-de-libros-de-acotar.webp","contentUrl":"https:\/\/elordendeloslibros.com\/wp-content\/uploads\/2024\/11\/la-saga-de-libros-de-acotar.webp","width":1600,"height":900},{"@type":"BreadcrumbList","@id":"https:\/\/elordendeloslibros.com\/orden-saga-acotar-libros-de-una-corte-de-rosas-y-espinas\/#breadcrumb","itemListElement":[{"@type":"ListItem","position":1,"name":"Portada","item":"https:\/\/elordendeloslibros.com\/"},{"@type":"ListItem","position":2,"name":"Orden Saga ACOTAR, libros de Una Corte de Rosas y Espinas"}]},{"@type":"WebSite","@id":"https:\/\/elordendeloslibros.com\/#website","url":"https:\/\/elordendeloslibros.com\/","name":"The Order of Books","description":"Do you like to read? Great. You&#039;re at home.","publisher":{"@id":"https:\/\/elordendeloslibros.com\/#\/schema\/person\/b1a72b9ec129b82c6097e1b5e6ec2825"},"potentialAction":[{"@type":"SearchAction","target":{"@type":"EntryPoint","urlTemplate":"https:\/\/elordendeloslibros.com\/?s={search_term_string}"},"query-input":{"@type":"PropertyValueSpecification","valueRequired":true,"valueName":"search_term_string"}}],"inLanguage":"en-US"},{"@type":["Person","Organization"],"@id":"https:\/\/elordendeloslibros.com\/#\/schema\/person\/b1a72b9ec129b82c6097e1b5e6ec2825","name":"The Order of the Books","image":{"@type":"ImageObject","inLanguage":"en-US","@id":"https:\/\/elordendeloslibros.com\/wp-content\/uploads\/2025\/03\/Logo-minimal-cuadrado.png","url":"https:\/\/elordendeloslibros.com\/wp-content\/uploads\/2025\/03\/Logo-minimal-cuadrado.png","contentUrl":"https:\/\/elordendeloslibros.com\/wp-content\/uploads\/2025\/03\/Logo-minimal-cuadrado.png","width":1024,"height":1024,"caption":"El Orden De Los Libros"},"logo":{"@id":"https:\/\/elordendeloslibros.com\/wp-content\/uploads\/2025\/03\/Logo-minimal-cuadrado.png"},"sameAs":["http:\/\/elordendeloslibros.com"],"url":"https:\/\/elordendeloslibros.com\/en\/author\/eltecnologuiacomgmail-com\/"}]}},"uagb_featured_image_src":{"full":["https:\/\/elordendeloslibros.com\/wp-content\/uploads\/2024\/11\/la-saga-de-libros-de-acotar.webp",1600,900,false],"thumbnail":["https:\/\/elordendeloslibros.com\/wp-content\/uploads\/2024\/11\/la-saga-de-libros-de-acotar-150x150.webp",150,150,true],"medium":["https:\/\/elordendeloslibros.com\/wp-content\/uploads\/2024\/11\/la-saga-de-libros-de-acotar-300x169.webp",300,169,true],"medium_large":["https:\/\/elordendeloslibros.com\/wp-content\/uploads\/2024\/11\/la-saga-de-libros-de-acotar-768x432.webp",768,432,true],"large":["https:\/\/elordendeloslibros.com\/wp-content\/uploads\/2024\/11\/la-saga-de-libros-de-acotar-1024x576.webp",1024,576,true],"1536x1536":["https:\/\/elordendeloslibros.com\/wp-content\/uploads\/2024\/11\/la-saga-de-libros-de-acotar-1536x864.webp",1536,864,true],"2048x2048":["https:\/\/elordendeloslibros.com\/wp-content\/uploads\/2024\/11\/la-saga-de-libros-de-acotar.webp",1600,900,false],"trp-custom-language-flag":["https:\/\/elordendeloslibros.com\/wp-content\/uploads\/2024\/11\/la-saga-de-libros-de-acotar-18x10.webp",18,10,true]},"uagb_author_info":{"display_name":"El Orden De Los Libros","author_link":"https:\/\/elordendeloslibros.com\/en\/author\/eltecnologuiacomgmail-com\/"},"uagb_comment_info":0,"uagb_excerpt":"Resumen de la Saga ACOTAR La saga \u00abUna Corte de Rosas y Espinas\u00bb (ACOTAR) se centra en Feyre Archeron, una joven humana que es llevada al peligroso y m\u00e1gico reino de los fae tras matar a una criatura que resulta ser un fe\u00e9rico. La historia, inspirada en cuentos de hadas como \u00abLa Bella y la&hellip;","_links":{"self":[{"href":"https:\/\/elordendeloslibros.com\/en\/wp-json\/wp\/v2\/posts\/458","targetHints":{"allow":["GET"]}}],"collection":[{"href":"https:\/\/elordendeloslibros.com\/en\/wp-json\/wp\/v2\/posts"}],"about":[{"href":"https:\/\/elordendeloslibros.com\/en\/wp-json\/wp\/v2\/types\/post"}],"author":[{"embeddable":true,"href":"https:\/\/elordendeloslibros.com\/en\/wp-json\/wp\/v2\/users\/1"}],"replies":[{"embeddable":true,"href":"https:\/\/elordendeloslibros.com\/en\/wp-json\/wp\/v2\/comments?post=458"}],"version-history":[{"count":5,"href":"https:\/\/elordendeloslibros.com\/en\/wp-json\/wp\/v2\/posts\/458\/revisions"}],"predecessor-version":[{"id":1252,"href":"https:\/\/elordendeloslibros.com\/en\/wp-json\/wp\/v2\/posts\/458\/revisions\/1252"}],"wp:featuredmedia":[{"embeddable":true,"href":"https:\/\/elordendeloslibros.com\/en\/wp-json\/wp\/v2\/media\/460"}],"wp:attachment":[{"href":"https:\/\/elordendeloslibros.com\/en\/wp-json\/wp\/v2\/media?parent=458"}],"wp:term":[{"taxonomy":"category","embeddable":true,"href":"https:\/\/elordendeloslibros.com\/en\/wp-json\/wp\/v2\/categories?post=458"},{"taxonomy":"post_tag","embeddable":true,"href":"https:\/\/elordendeloslibros.com\/en\/wp-json\/wp\/v2\/tags?post=458"}],"curies":[{"name":"wp","href":"https:\/\/api.w.org\/{rel}","templated":true}]}}