{"id":2029,"date":"2025-03-21T16:41:36","date_gmt":"2025-03-21T16:41:36","guid":{"rendered":"https:\/\/elordendeloslibros.com\/?p=2029"},"modified":"2025-03-21T17:12:32","modified_gmt":"2025-03-21T17:12:32","slug":"controversy-over-the-book-about-jose-breton-anagrama-suspends-its-distribution-while-defending-its-publication","status":"publish","type":"post","link":"https:\/\/elordendeloslibros.com\/en\/controversy-over-the-book-about-jose-breton-anagrama-suspends-its-distribution-while-defending-its-publication\/","title":{"rendered":"Controversy over the book about Jos\u00e9 Bret\u00f3n: Anagrama suspends distribution while defending its publication"},"content":{"rendered":"<div class=\"kk-star-ratings kksr-auto kksr-align-left kksr-valign-top\"\n    data-payload='{&quot;align&quot;:&quot;left&quot;,&quot;id&quot;:&quot;2029&quot;,&quot;slug&quot;:&quot;default&quot;,&quot;valign&quot;:&quot;top&quot;,&quot;ignore&quot;:&quot;&quot;,&quot;reference&quot;:&quot;auto&quot;,&quot;class&quot;:&quot;&quot;,&quot;count&quot;:&quot;0&quot;,&quot;legendonly&quot;:&quot;&quot;,&quot;readonly&quot;:&quot;&quot;,&quot;score&quot;:&quot;0&quot;,&quot;starsonly&quot;:&quot;&quot;,&quot;best&quot;:&quot;5&quot;,&quot;gap&quot;:&quot;5&quot;,&quot;greet&quot;:&quot;\u00bfQu\u00e9 te ha parecido?&quot;,&quot;legend&quot;:&quot;0\\\/5 - (0 votes)&quot;,&quot;size&quot;:&quot;24&quot;,&quot;title&quot;:&quot;Pol\u00e9mica por el libro sobre Jos\u00e9 Bret\u00f3n: Anagrama suspende su distribuci\u00f3n mientras defiende su publicaci\u00f3n&quot;,&quot;width&quot;:&quot;0&quot;,&quot;_legend&quot;:&quot;{score}\\\/{best} - ({count} {votes})&quot;,&quot;font_factor&quot;:&quot;1.25&quot;}'>\n            \n<div class=\"kksr-stars\">\n    \n<div class=\"kksr-stars-inactive\">\n            <div class=\"kksr-star\" data-star=\"1\" style=\"padding-right: 5px\">\n            \n\n<div class=\"kksr-icon\" style=\"width: 24px; height: 24px;\"><\/div>\n        <\/div>\n            <div class=\"kksr-star\" data-star=\"2\" style=\"padding-right: 5px\">\n            \n\n<div class=\"kksr-icon\" style=\"width: 24px; height: 24px;\"><\/div>\n        <\/div>\n            <div class=\"kksr-star\" data-star=\"3\" style=\"padding-right: 5px\">\n            \n\n<div class=\"kksr-icon\" style=\"width: 24px; height: 24px;\"><\/div>\n        <\/div>\n            <div class=\"kksr-star\" data-star=\"4\" style=\"padding-right: 5px\">\n            \n\n<div class=\"kksr-icon\" style=\"width: 24px; height: 24px;\"><\/div>\n        <\/div>\n            <div class=\"kksr-star\" data-star=\"5\" style=\"padding-right: 5px\">\n            \n\n<div class=\"kksr-icon\" style=\"width: 24px; height: 24px;\"><\/div>\n        <\/div>\n    <\/div>\n    \n<div class=\"kksr-stars-active\" style=\"width: 0px;\">\n            <div class=\"kksr-star\" style=\"padding-right: 5px\">\n            \n\n<div class=\"kksr-icon\" style=\"width: 24px; height: 24px;\"><\/div>\n        <\/div>\n            <div class=\"kksr-star\" style=\"padding-right: 5px\">\n            \n\n<div class=\"kksr-icon\" style=\"width: 24px; height: 24px;\"><\/div>\n        <\/div>\n            <div class=\"kksr-star\" style=\"padding-right: 5px\">\n            \n\n<div class=\"kksr-icon\" style=\"width: 24px; height: 24px;\"><\/div>\n        <\/div>\n            <div class=\"kksr-star\" style=\"padding-right: 5px\">\n            \n\n<div class=\"kksr-icon\" style=\"width: 24px; height: 24px;\"><\/div>\n        <\/div>\n            <div class=\"kksr-star\" style=\"padding-right: 5px\">\n            \n\n<div class=\"kksr-icon\" style=\"width: 24px; height: 24px;\"><\/div>\n        <\/div>\n    <\/div>\n<\/div>\n                \n\n<div class=\"kksr-legend\" style=\"font-size: 19.2px;\">\n            <span class=\"kksr-muted\">What did you think?<\/span>\n    <\/div>\n    <\/div>\n\n<figure class=\"wp-block-image size-large\"><img loading=\"lazy\" decoding=\"async\" width=\"1024\" height=\"585\" src=\"https:\/\/elordendeloslibros.com\/wp-content\/uploads\/2025\/03\/DALL\u00b7E-2025-03-21-17.37.00-A-courtroom-style-sketch-in-16_9-format-resembling-those-used-in-real-criminal-trials.-The-scene-depicts-a-symbolic-literary-controversy_-on-the-left-1-1024x585.webp\" alt=\"\" class=\"wp-image-2030\" srcset=\"https:\/\/elordendeloslibros.com\/wp-content\/uploads\/2025\/03\/DALL\u00b7E-2025-03-21-17.37.00-A-courtroom-style-sketch-in-16_9-format-resembling-those-used-in-real-criminal-trials.-The-scene-depicts-a-symbolic-literary-controversy_-on-the-left-1-1024x585.webp 1024w, https:\/\/elordendeloslibros.com\/wp-content\/uploads\/2025\/03\/DALL\u00b7E-2025-03-21-17.37.00-A-courtroom-style-sketch-in-16_9-format-resembling-those-used-in-real-criminal-trials.-The-scene-depicts-a-symbolic-literary-controversy_-on-the-left-1-300x171.webp 300w, https:\/\/elordendeloslibros.com\/wp-content\/uploads\/2025\/03\/DALL\u00b7E-2025-03-21-17.37.00-A-courtroom-style-sketch-in-16_9-format-resembling-those-used-in-real-criminal-trials.-The-scene-depicts-a-symbolic-literary-controversy_-on-the-left-1-768x439.webp 768w, https:\/\/elordendeloslibros.com\/wp-content\/uploads\/2025\/03\/DALL\u00b7E-2025-03-21-17.37.00-A-courtroom-style-sketch-in-16_9-format-resembling-those-used-in-real-criminal-trials.-The-scene-depicts-a-symbolic-literary-controversy_-on-the-left-1-1536x878.webp 1536w, https:\/\/elordendeloslibros.com\/wp-content\/uploads\/2025\/03\/DALL\u00b7E-2025-03-21-17.37.00-A-courtroom-style-sketch-in-16_9-format-resembling-those-used-in-real-criminal-trials.-The-scene-depicts-a-symbolic-literary-controversy_-on-the-left-1-18x10.webp 18w, https:\/\/elordendeloslibros.com\/wp-content\/uploads\/2025\/03\/DALL\u00b7E-2025-03-21-17.37.00-A-courtroom-style-sketch-in-16_9-format-resembling-those-used-in-real-criminal-trials.-The-scene-depicts-a-symbolic-literary-controversy_-on-the-left-1.webp 1792w\" sizes=\"auto, (max-width: 1024px) 100vw, 1024px\" \/><\/figure>\n\n\n\n<p><strong>The publisher stops the sale of <em>Hate<\/em> following Ruth Ortiz&#039;s complaint, but claims to be invoking freedom of expression. The author, Luisg\u00e9 Mart\u00edn, also defends the work as a legitimate literary exercise.<\/strong><\/p>\n\n\n\n<p>The publisher <strong>Anagram<\/strong> has temporarily suspended the distribution of the book <em>Hate<\/em>, written by <strong>Luisg\u00e9 Mart\u00edn<\/strong>, based on conversations, letters and meetings with <strong>Jos\u00e9 Bret\u00f3n<\/strong>, convicted of murdering his children Ruth and Jose in 2011. The release was scheduled for next <strong>March 26<\/strong>, but the measure was taken after the <strong>Ruth Ortiz&#039;s complaint<\/strong>, mother of the children, and the intervention of the <strong>C\u00f3rdoba Prosecutor&#039;s Office<\/strong>.<\/p>\n\n\n\n<p>Ruth Ortiz&#039;s petition, supported by the <strong>Andalusian Victim Assistance Service (SAVA)<\/strong> and by the Prosecutor&#039;s Office, argues that the work violates his right to honor, personal and family privacy, and also contravenes the <strong>Organic Law on Comprehensive Protection of Children and Adolescents<\/strong>.<\/p>\n\n\n\n<p>After receiving the notice, the C\u00f3rdoba Prosecutor&#039;s Office transferred the case to the <strong>Barcelona Juvenile Prosecutor&#039;s Office<\/strong>, which has already requested the <strong>Court of First Instance number 39 of Barcelona<\/strong> the book&#039;s precautionary suspension. Anagrama, for its part, has decided to halt its distribution while awaiting the outcome of the legal proceedings.<\/p>\n\n\n\n<hr class=\"wp-block-separator has-alpha-channel-opacity\"\/>\n\n\n\n<h3 class=\"wp-block-heading\"><strong>Anagrama&#039;s response: &quot;We are within our rights to publish this work.&quot;<\/strong><\/h3>\n\n\n\n<p>In an official statement, <a href=\"https:\/\/www.elmundo.es\/cultura\/literatura\/2025\/03\/21\/67dd34b8e9cf4ac9558b4570.html\" target=\"_blank\" rel=\"noreferrer noopener nofollow\"><strong>Anagram<\/strong> defends his right to publish <em>Hate<\/em><\/a>, arguing that it is a work protected by the right to freedom of literary creation enshrined in the Spanish Constitution. The publisher claims to be \u201cfully aware of the monstrosity of the crimes committed by Jos\u00e9 Bret\u00f3n\u201d and also of the sensitivity it generates, but believes that literature has the function of exploring <strong>\u201ccomplex realities\u201d<\/strong>, as authors such as have done <strong>Emmanuel Carr\u00e8re<\/strong> either <strong>Truman Capote<\/strong>.<\/p>\n\n\n\n<blockquote class=\"wp-block-quote is-layout-flow wp-block-quote-is-layout-flow\">\n<p>\u201cThe literary treatment of <em>Hate<\/em> It distances itself from and rejects any intention other than to present the reader with the murderer&#039;s evil without justifying or excusing the crime, but on the contrary, showing its horror,&quot; the publisher states.<\/p>\n<\/blockquote>\n\n\n\n<figure class=\"wp-block-image size-large\"><img loading=\"lazy\" decoding=\"async\" width=\"1024\" height=\"683\" src=\"https:\/\/elordendeloslibros.com\/wp-content\/uploads\/2025\/03\/1200_800-1024x683.webp\" alt=\"\" class=\"wp-image-2031\" srcset=\"https:\/\/elordendeloslibros.com\/wp-content\/uploads\/2025\/03\/1200_800-1024x683.webp 1024w, https:\/\/elordendeloslibros.com\/wp-content\/uploads\/2025\/03\/1200_800-300x200.webp 300w, https:\/\/elordendeloslibros.com\/wp-content\/uploads\/2025\/03\/1200_800-768x512.webp 768w, https:\/\/elordendeloslibros.com\/wp-content\/uploads\/2025\/03\/1200_800-18x12.webp 18w, https:\/\/elordendeloslibros.com\/wp-content\/uploads\/2025\/03\/1200_800.webp 1200w\" sizes=\"auto, (max-width: 1024px) 100vw, 1024px\" \/><\/figure>\n\n\n\n<hr class=\"wp-block-separator has-alpha-channel-opacity\"\/>\n\n\n\n<h3 class=\"wp-block-heading\"><strong>Luisg\u00e9 Mart\u00edn: \u201cI don\u2019t give Bret\u00f3n a voice, I take it away from him.\u201d<\/strong><\/h3>\n\n\n\n<p>Shortly after Anagrama&#039;s announcement, the book&#039;s author, <strong>Luisg\u00e9 Mart\u00edn<\/strong>, has also spoken publicly defending his work. According to the writer, <em>Hate<\/em> It was drafted with \u201cthe greatest respect for the victims\u201d and is not intended to give a voice to the murderer, but rather <strong>\u201cdeny your version of events\u201d<\/strong> and expose their contradictions.<\/p>\n\n\n\n<blockquote class=\"wp-block-quote is-layout-flow wp-block-quote-is-layout-flow\">\n<p>\u201c<em>Hate<\/em>&quot;In my humble opinion, it serves to show the labyrinths of infamy and the vileness of a murderer. Nothing more. And nothing less,&quot; says Mart\u00edn.<\/p>\n<\/blockquote>\n\n\n\n<p>The author emphasizes that the book can reopen wounds, but it does not do so to a greater extent than other titles or productions such as the series <strong>\u201cBreton, the Devil&#039;s Gaze\u201d<\/strong>, issued in 2023. It also argues that the treatment of crime is <strong>reflective, ethical and philosophical<\/strong>, and compares his work with classics of the genre <strong>true crime<\/strong>, as <em>In cold blood<\/em> Capote&#039;s or <em>The adversary<\/em> de Carr\u00e8re.<\/p>\n\n\n\n<hr class=\"wp-block-separator has-alpha-channel-opacity\"\/>\n\n\n\n<h3 class=\"wp-block-heading\"><strong>Divided opinions: Literature or disrespect for victims?<\/strong><\/h3>\n\n\n\n<p>The book&#039;s publication has generated intense controversy. Ruth Ortiz has publicly stated that &quot;murderers cannot be given a voice&quot; and has found support from figures such as <strong>Patricia Ram\u00edrez<\/strong>, mother of Gabriel Cruz, who has also expressed her rejection of the work.<\/p>\n\n\n\n<p>From the legal field, experts consulted by different media consider that there could be a <strong>judicial seizure of the work<\/strong>, although they emphasize that in most recent cases, the courts have given priority to the right to freedom of expression over the right to honor or privacy.<\/p>\n\n\n\n<p>Meanwhile, the debate continues: To what extent does literature have the right to narrate real, atrocious crimes without diminishing the pain of the victims?<\/p>\n\n\n\n<p><\/p>","protected":false},"excerpt":{"rendered":"<p>La editorial paraliza la venta de El odio tras la denuncia de Ruth Ortiz, pero afirma que se acoge a la libertad de expresi\u00f3n. El autor, Luisg\u00e9 Mart\u00edn, tambi\u00e9n defiende la obra como un ejercicio literario leg\u00edtimo. La editorial Anagrama ha suspendido temporalmente la distribuci\u00f3n del libro El odio, escrito por Luisg\u00e9 Mart\u00edn, basado en [&hellip;]<\/p>\n","protected":false},"author":1,"featured_media":2030,"comment_status":"open","ping_status":"open","sticky":false,"template":"","format":"standard","meta":{"_uag_custom_page_level_css":"","footnotes":""},"categories":[175],"tags":[],"class_list":["post-2029","post","type-post","status-publish","format-standard","has-post-thumbnail","hentry","category-noticias"],"blocksy_meta":[],"featured_image_src":"https:\/\/elordendeloslibros.com\/wp-content\/uploads\/2025\/03\/DALL\u00b7E-2025-03-21-17.37.00-A-courtroom-style-sketch-in-16_9-format-resembling-those-used-in-real-criminal-trials.-The-scene-depicts-a-symbolic-literary-controversy_-on-the-left-1.webp","author_info":{"display_name":"El Orden De Los Libros","author_link":"https:\/\/elordendeloslibros.com\/en\/author\/eltecnologuiacomgmail-com\/"},"yoast_head":"<!-- This site is optimized with the Yoast SEO plugin v27.4 - https:\/\/yoast.com\/product\/yoast-seo-wordpress\/ -->\n<title>Pol\u00e9mica por el libro sobre Jos\u00e9 Bret\u00f3n: Anagrama suspende su distribuci\u00f3n mientras defiende su publicaci\u00f3n<\/title>\n<meta name=\"description\" content=\"Anagrama suspende la distribuci\u00f3n del libro El odio, con confesiones de Jos\u00e9 Bret\u00f3n, tras la denuncia de Ruth Ortiz. La editorial y el autor, Luisg\u00e9 Mart\u00edn, defienden su publicaci\u00f3n por libertad de expresi\u00f3n.\" \/>\n<meta name=\"robots\" content=\"index, follow, max-snippet:-1, max-image-preview:large, max-video-preview:-1\" \/>\n<link rel=\"canonical\" href=\"https:\/\/elordendeloslibros.com\/en\/controversy-over-the-book-about-jose-breton-anagrama-suspends-its-distribution-while-defending-its-publication\/\" \/>\n<meta property=\"og:locale\" content=\"en_US\" \/>\n<meta property=\"og:type\" content=\"article\" \/>\n<meta property=\"og:title\" content=\"Pol\u00e9mica por el libro sobre Jos\u00e9 Bret\u00f3n: Anagrama suspende su distribuci\u00f3n mientras defiende su publicaci\u00f3n\" \/>\n<meta property=\"og:description\" content=\"Anagrama suspende la distribuci\u00f3n del libro El odio, con confesiones de Jos\u00e9 Bret\u00f3n, tras la denuncia de Ruth Ortiz. La editorial y el autor, Luisg\u00e9 Mart\u00edn, defienden su publicaci\u00f3n por libertad de expresi\u00f3n.\" \/>\n<meta property=\"og:url\" content=\"https:\/\/elordendeloslibros.com\/en\/controversy-over-the-book-about-jose-breton-anagrama-suspends-its-distribution-while-defending-its-publication\/\" \/>\n<meta property=\"og:site_name\" content=\"elordendeloslibros.com\" \/>\n<meta property=\"article:published_time\" content=\"2025-03-21T16:41:36+00:00\" \/>\n<meta property=\"article:modified_time\" content=\"2025-03-21T17:12:32+00:00\" \/>\n<meta property=\"og:image\" content=\"https:\/\/elordendeloslibros.com\/wp-content\/uploads\/2025\/03\/DALL\u00b7E-2025-03-21-17.37.00-A-courtroom-style-sketch-in-16_9-format-resembling-those-used-in-real-criminal-trials.-The-scene-depicts-a-symbolic-literary-controversy_-on-the-left-1.webp\" \/>\n\t<meta property=\"og:image:width\" content=\"1792\" \/>\n\t<meta property=\"og:image:height\" content=\"1024\" \/>\n\t<meta property=\"og:image:type\" content=\"image\/webp\" \/>\n<meta name=\"author\" content=\"El Orden De Los Libros\" \/>\n<meta name=\"twitter:card\" content=\"summary_large_image\" \/>\n<meta name=\"twitter:label1\" content=\"Written by\" \/>\n\t<meta name=\"twitter:data1\" content=\"El Orden De Los Libros\" \/>\n\t<meta name=\"twitter:label2\" content=\"Est. reading time\" \/>\n\t<meta name=\"twitter:data2\" content=\"4 minutes\" \/>\n<script type=\"application\/ld+json\" class=\"yoast-schema-graph\">{\"@context\":\"https:\\\/\\\/schema.org\",\"@graph\":[{\"@type\":\"NewsArticle\",\"@id\":\"https:\\\/\\\/elordendeloslibros.com\\\/polemica-por-el-libro-sobre-jose-breton-anagrama-suspende-su-distribucion-mientras-defiende-su-publicacion\\\/#article\",\"isPartOf\":{\"@id\":\"https:\\\/\\\/elordendeloslibros.com\\\/polemica-por-el-libro-sobre-jose-breton-anagrama-suspende-su-distribucion-mientras-defiende-su-publicacion\\\/\"},\"author\":{\"name\":\"El Orden De Los Libros\",\"@id\":\"https:\\\/\\\/elordendeloslibros.com\\\/#\\\/schema\\\/person\\\/b1a72b9ec129b82c6097e1b5e6ec2825\"},\"headline\":\"Pol\u00e9mica por el libro sobre Jos\u00e9 Bret\u00f3n: Anagrama suspende su distribuci\u00f3n mientras defiende su publicaci\u00f3n\",\"datePublished\":\"2025-03-21T16:41:36+00:00\",\"dateModified\":\"2025-03-21T17:12:32+00:00\",\"mainEntityOfPage\":{\"@id\":\"https:\\\/\\\/elordendeloslibros.com\\\/polemica-por-el-libro-sobre-jose-breton-anagrama-suspende-su-distribucion-mientras-defiende-su-publicacion\\\/\"},\"wordCount\":705,\"commentCount\":0,\"publisher\":{\"@id\":\"https:\\\/\\\/elordendeloslibros.com\\\/#\\\/schema\\\/person\\\/b1a72b9ec129b82c6097e1b5e6ec2825\"},\"image\":{\"@id\":\"https:\\\/\\\/elordendeloslibros.com\\\/polemica-por-el-libro-sobre-jose-breton-anagrama-suspende-su-distribucion-mientras-defiende-su-publicacion\\\/#primaryimage\"},\"thumbnailUrl\":\"https:\\\/\\\/elordendeloslibros.com\\\/wp-content\\\/uploads\\\/2025\\\/03\\\/DALL\u00b7E-2025-03-21-17.37.00-A-courtroom-style-sketch-in-16_9-format-resembling-those-used-in-real-criminal-trials.-The-scene-depicts-a-symbolic-literary-controversy_-on-the-left-1.webp\",\"articleSection\":[\"Noticias\"],\"inLanguage\":\"en-US\",\"potentialAction\":[{\"@type\":\"CommentAction\",\"name\":\"Comment\",\"target\":[\"https:\\\/\\\/elordendeloslibros.com\\\/polemica-por-el-libro-sobre-jose-breton-anagrama-suspende-su-distribucion-mientras-defiende-su-publicacion\\\/#respond\"]}]},{\"@type\":\"WebPage\",\"@id\":\"https:\\\/\\\/elordendeloslibros.com\\\/polemica-por-el-libro-sobre-jose-breton-anagrama-suspende-su-distribucion-mientras-defiende-su-publicacion\\\/\",\"url\":\"https:\\\/\\\/elordendeloslibros.com\\\/polemica-por-el-libro-sobre-jose-breton-anagrama-suspende-su-distribucion-mientras-defiende-su-publicacion\\\/\",\"name\":\"Pol\u00e9mica por el libro sobre Jos\u00e9 Bret\u00f3n: Anagrama suspende su distribuci\u00f3n mientras defiende su publicaci\u00f3n\",\"isPartOf\":{\"@id\":\"https:\\\/\\\/elordendeloslibros.com\\\/#website\"},\"primaryImageOfPage\":{\"@id\":\"https:\\\/\\\/elordendeloslibros.com\\\/polemica-por-el-libro-sobre-jose-breton-anagrama-suspende-su-distribucion-mientras-defiende-su-publicacion\\\/#primaryimage\"},\"image\":{\"@id\":\"https:\\\/\\\/elordendeloslibros.com\\\/polemica-por-el-libro-sobre-jose-breton-anagrama-suspende-su-distribucion-mientras-defiende-su-publicacion\\\/#primaryimage\"},\"thumbnailUrl\":\"https:\\\/\\\/elordendeloslibros.com\\\/wp-content\\\/uploads\\\/2025\\\/03\\\/DALL\u00b7E-2025-03-21-17.37.00-A-courtroom-style-sketch-in-16_9-format-resembling-those-used-in-real-criminal-trials.-The-scene-depicts-a-symbolic-literary-controversy_-on-the-left-1.webp\",\"datePublished\":\"2025-03-21T16:41:36+00:00\",\"dateModified\":\"2025-03-21T17:12:32+00:00\",\"description\":\"Anagrama suspende la distribuci\u00f3n del libro El odio, con confesiones de Jos\u00e9 Bret\u00f3n, tras la denuncia de Ruth Ortiz. La editorial y el autor, Luisg\u00e9 Mart\u00edn, defienden su publicaci\u00f3n por libertad de expresi\u00f3n.\",\"breadcrumb\":{\"@id\":\"https:\\\/\\\/elordendeloslibros.com\\\/polemica-por-el-libro-sobre-jose-breton-anagrama-suspende-su-distribucion-mientras-defiende-su-publicacion\\\/#breadcrumb\"},\"inLanguage\":\"en-US\",\"potentialAction\":[{\"@type\":\"ReadAction\",\"target\":[\"https:\\\/\\\/elordendeloslibros.com\\\/polemica-por-el-libro-sobre-jose-breton-anagrama-suspende-su-distribucion-mientras-defiende-su-publicacion\\\/\"]}]},{\"@type\":\"ImageObject\",\"inLanguage\":\"en-US\",\"@id\":\"https:\\\/\\\/elordendeloslibros.com\\\/polemica-por-el-libro-sobre-jose-breton-anagrama-suspende-su-distribucion-mientras-defiende-su-publicacion\\\/#primaryimage\",\"url\":\"https:\\\/\\\/elordendeloslibros.com\\\/wp-content\\\/uploads\\\/2025\\\/03\\\/DALL\u00b7E-2025-03-21-17.37.00-A-courtroom-style-sketch-in-16_9-format-resembling-those-used-in-real-criminal-trials.-The-scene-depicts-a-symbolic-literary-controversy_-on-the-left-1.webp\",\"contentUrl\":\"https:\\\/\\\/elordendeloslibros.com\\\/wp-content\\\/uploads\\\/2025\\\/03\\\/DALL\u00b7E-2025-03-21-17.37.00-A-courtroom-style-sketch-in-16_9-format-resembling-those-used-in-real-criminal-trials.-The-scene-depicts-a-symbolic-literary-controversy_-on-the-left-1.webp\",\"width\":1792,\"height\":1024},{\"@type\":\"BreadcrumbList\",\"@id\":\"https:\\\/\\\/elordendeloslibros.com\\\/polemica-por-el-libro-sobre-jose-breton-anagrama-suspende-su-distribucion-mientras-defiende-su-publicacion\\\/#breadcrumb\",\"itemListElement\":[{\"@type\":\"ListItem\",\"position\":1,\"name\":\"Portada\",\"item\":\"https:\\\/\\\/elordendeloslibros.com\\\/\"},{\"@type\":\"ListItem\",\"position\":2,\"name\":\"Pol\u00e9mica por el libro sobre Jos\u00e9 Bret\u00f3n: Anagrama suspende su distribuci\u00f3n mientras defiende su publicaci\u00f3n\"}]},{\"@type\":\"WebSite\",\"@id\":\"https:\\\/\\\/elordendeloslibros.com\\\/#website\",\"url\":\"https:\\\/\\\/elordendeloslibros.com\\\/\",\"name\":\"El Orden de los Libros\",\"description\":\"\u00bfTe gusta leer? Magn\u00edfico. Est\u00e1s en tu casa.\",\"publisher\":{\"@id\":\"https:\\\/\\\/elordendeloslibros.com\\\/#\\\/schema\\\/person\\\/b1a72b9ec129b82c6097e1b5e6ec2825\"},\"potentialAction\":[{\"@type\":\"SearchAction\",\"target\":{\"@type\":\"EntryPoint\",\"urlTemplate\":\"https:\\\/\\\/elordendeloslibros.com\\\/?s={search_term_string}\"},\"query-input\":{\"@type\":\"PropertyValueSpecification\",\"valueRequired\":true,\"valueName\":\"search_term_string\"}}],\"inLanguage\":\"en-US\"},{\"@type\":[\"Person\",\"Organization\"],\"@id\":\"https:\\\/\\\/elordendeloslibros.com\\\/#\\\/schema\\\/person\\\/b1a72b9ec129b82c6097e1b5e6ec2825\",\"name\":\"El Orden De Los Libros\",\"image\":{\"@type\":\"ImageObject\",\"inLanguage\":\"en-US\",\"@id\":\"https:\\\/\\\/elordendeloslibros.com\\\/wp-content\\\/uploads\\\/2025\\\/03\\\/Logo-minimal-cuadrado.png\",\"url\":\"https:\\\/\\\/elordendeloslibros.com\\\/wp-content\\\/uploads\\\/2025\\\/03\\\/Logo-minimal-cuadrado.png\",\"contentUrl\":\"https:\\\/\\\/elordendeloslibros.com\\\/wp-content\\\/uploads\\\/2025\\\/03\\\/Logo-minimal-cuadrado.png\",\"width\":1024,\"height\":1024,\"caption\":\"El Orden De Los Libros\"},\"logo\":{\"@id\":\"https:\\\/\\\/elordendeloslibros.com\\\/wp-content\\\/uploads\\\/2025\\\/03\\\/Logo-minimal-cuadrado.png\"},\"sameAs\":[\"http:\\\/\\\/elordendeloslibros.com\"],\"url\":\"https:\\\/\\\/elordendeloslibros.com\\\/en\\\/author\\\/eltecnologuiacomgmail-com\\\/\"}]}<\/script>\n<!-- \/ Yoast SEO plugin. -->","yoast_head_json":{"title":"Controversy over the book about Jos\u00e9 Bret\u00f3n: Anagrama suspends distribution while defending its publication","description":"Anagrama suspends distribution of the book &quot;El odio&quot; (Hate), featuring confessions by Jos\u00e9 Bret\u00f3n, following a complaint from Ruth Ortiz. The publisher and the author, Luisg\u00e9 Mart\u00edn, defend its publication on grounds of freedom of expression.","robots":{"index":"index","follow":"follow","max-snippet":"max-snippet:-1","max-image-preview":"max-image-preview:large","max-video-preview":"max-video-preview:-1"},"canonical":"https:\/\/elordendeloslibros.com\/en\/controversy-over-the-book-about-jose-breton-anagrama-suspends-its-distribution-while-defending-its-publication\/","og_locale":"en_US","og_type":"article","og_title":"Pol\u00e9mica por el libro sobre Jos\u00e9 Bret\u00f3n: Anagrama suspende su distribuci\u00f3n mientras defiende su publicaci\u00f3n","og_description":"Anagrama suspende la distribuci\u00f3n del libro El odio, con confesiones de Jos\u00e9 Bret\u00f3n, tras la denuncia de Ruth Ortiz. La editorial y el autor, Luisg\u00e9 Mart\u00edn, defienden su publicaci\u00f3n por libertad de expresi\u00f3n.","og_url":"https:\/\/elordendeloslibros.com\/en\/controversy-over-the-book-about-jose-breton-anagrama-suspends-its-distribution-while-defending-its-publication\/","og_site_name":"elordendeloslibros.com","article_published_time":"2025-03-21T16:41:36+00:00","article_modified_time":"2025-03-21T17:12:32+00:00","og_image":[{"width":1792,"height":1024,"url":"https:\/\/elordendeloslibros.com\/wp-content\/uploads\/2025\/03\/DALL\u00b7E-2025-03-21-17.37.00-A-courtroom-style-sketch-in-16_9-format-resembling-those-used-in-real-criminal-trials.-The-scene-depicts-a-symbolic-literary-controversy_-on-the-left-1.webp","type":"image\/webp"}],"author":"El Orden De Los Libros","twitter_card":"summary_large_image","twitter_misc":{"Written by":"El Orden De Los Libros","Est. reading time":"4 minutes"},"schema":{"@context":"https:\/\/schema.org","@graph":[{"@type":"NewsArticle","@id":"https:\/\/elordendeloslibros.com\/polemica-por-el-libro-sobre-jose-breton-anagrama-suspende-su-distribucion-mientras-defiende-su-publicacion\/#article","isPartOf":{"@id":"https:\/\/elordendeloslibros.com\/polemica-por-el-libro-sobre-jose-breton-anagrama-suspende-su-distribucion-mientras-defiende-su-publicacion\/"},"author":{"name":"El Orden De Los Libros","@id":"https:\/\/elordendeloslibros.com\/#\/schema\/person\/b1a72b9ec129b82c6097e1b5e6ec2825"},"headline":"Pol\u00e9mica por el libro sobre Jos\u00e9 Bret\u00f3n: Anagrama suspende su distribuci\u00f3n mientras defiende su publicaci\u00f3n","datePublished":"2025-03-21T16:41:36+00:00","dateModified":"2025-03-21T17:12:32+00:00","mainEntityOfPage":{"@id":"https:\/\/elordendeloslibros.com\/polemica-por-el-libro-sobre-jose-breton-anagrama-suspende-su-distribucion-mientras-defiende-su-publicacion\/"},"wordCount":705,"commentCount":0,"publisher":{"@id":"https:\/\/elordendeloslibros.com\/#\/schema\/person\/b1a72b9ec129b82c6097e1b5e6ec2825"},"image":{"@id":"https:\/\/elordendeloslibros.com\/polemica-por-el-libro-sobre-jose-breton-anagrama-suspende-su-distribucion-mientras-defiende-su-publicacion\/#primaryimage"},"thumbnailUrl":"https:\/\/elordendeloslibros.com\/wp-content\/uploads\/2025\/03\/DALL\u00b7E-2025-03-21-17.37.00-A-courtroom-style-sketch-in-16_9-format-resembling-those-used-in-real-criminal-trials.-The-scene-depicts-a-symbolic-literary-controversy_-on-the-left-1.webp","articleSection":["Noticias"],"inLanguage":"en-US","potentialAction":[{"@type":"CommentAction","name":"Comment","target":["https:\/\/elordendeloslibros.com\/polemica-por-el-libro-sobre-jose-breton-anagrama-suspende-su-distribucion-mientras-defiende-su-publicacion\/#respond"]}]},{"@type":"WebPage","@id":"https:\/\/elordendeloslibros.com\/polemica-por-el-libro-sobre-jose-breton-anagrama-suspende-su-distribucion-mientras-defiende-su-publicacion\/","url":"https:\/\/elordendeloslibros.com\/polemica-por-el-libro-sobre-jose-breton-anagrama-suspende-su-distribucion-mientras-defiende-su-publicacion\/","name":"Controversy over the book about Jos\u00e9 Bret\u00f3n: Anagrama suspends distribution while defending its publication","isPartOf":{"@id":"https:\/\/elordendeloslibros.com\/#website"},"primaryImageOfPage":{"@id":"https:\/\/elordendeloslibros.com\/polemica-por-el-libro-sobre-jose-breton-anagrama-suspende-su-distribucion-mientras-defiende-su-publicacion\/#primaryimage"},"image":{"@id":"https:\/\/elordendeloslibros.com\/polemica-por-el-libro-sobre-jose-breton-anagrama-suspende-su-distribucion-mientras-defiende-su-publicacion\/#primaryimage"},"thumbnailUrl":"https:\/\/elordendeloslibros.com\/wp-content\/uploads\/2025\/03\/DALL\u00b7E-2025-03-21-17.37.00-A-courtroom-style-sketch-in-16_9-format-resembling-those-used-in-real-criminal-trials.-The-scene-depicts-a-symbolic-literary-controversy_-on-the-left-1.webp","datePublished":"2025-03-21T16:41:36+00:00","dateModified":"2025-03-21T17:12:32+00:00","description":"Anagrama suspends distribution of the book &quot;El odio&quot; (Hate), featuring confessions by Jos\u00e9 Bret\u00f3n, following a complaint from Ruth Ortiz. The publisher and the author, Luisg\u00e9 Mart\u00edn, defend its publication on grounds of freedom of expression.","breadcrumb":{"@id":"https:\/\/elordendeloslibros.com\/polemica-por-el-libro-sobre-jose-breton-anagrama-suspende-su-distribucion-mientras-defiende-su-publicacion\/#breadcrumb"},"inLanguage":"en-US","potentialAction":[{"@type":"ReadAction","target":["https:\/\/elordendeloslibros.com\/polemica-por-el-libro-sobre-jose-breton-anagrama-suspende-su-distribucion-mientras-defiende-su-publicacion\/"]}]},{"@type":"ImageObject","inLanguage":"en-US","@id":"https:\/\/elordendeloslibros.com\/polemica-por-el-libro-sobre-jose-breton-anagrama-suspende-su-distribucion-mientras-defiende-su-publicacion\/#primaryimage","url":"https:\/\/elordendeloslibros.com\/wp-content\/uploads\/2025\/03\/DALL\u00b7E-2025-03-21-17.37.00-A-courtroom-style-sketch-in-16_9-format-resembling-those-used-in-real-criminal-trials.-The-scene-depicts-a-symbolic-literary-controversy_-on-the-left-1.webp","contentUrl":"https:\/\/elordendeloslibros.com\/wp-content\/uploads\/2025\/03\/DALL\u00b7E-2025-03-21-17.37.00-A-courtroom-style-sketch-in-16_9-format-resembling-those-used-in-real-criminal-trials.-The-scene-depicts-a-symbolic-literary-controversy_-on-the-left-1.webp","width":1792,"height":1024},{"@type":"BreadcrumbList","@id":"https:\/\/elordendeloslibros.com\/polemica-por-el-libro-sobre-jose-breton-anagrama-suspende-su-distribucion-mientras-defiende-su-publicacion\/#breadcrumb","itemListElement":[{"@type":"ListItem","position":1,"name":"Portada","item":"https:\/\/elordendeloslibros.com\/"},{"@type":"ListItem","position":2,"name":"Pol\u00e9mica por el libro sobre Jos\u00e9 Bret\u00f3n: Anagrama suspende su distribuci\u00f3n mientras defiende su publicaci\u00f3n"}]},{"@type":"WebSite","@id":"https:\/\/elordendeloslibros.com\/#website","url":"https:\/\/elordendeloslibros.com\/","name":"The Order of Books","description":"Do you like to read? Great. You&#039;re at home.","publisher":{"@id":"https:\/\/elordendeloslibros.com\/#\/schema\/person\/b1a72b9ec129b82c6097e1b5e6ec2825"},"potentialAction":[{"@type":"SearchAction","target":{"@type":"EntryPoint","urlTemplate":"https:\/\/elordendeloslibros.com\/?s={search_term_string}"},"query-input":{"@type":"PropertyValueSpecification","valueRequired":true,"valueName":"search_term_string"}}],"inLanguage":"en-US"},{"@type":["Person","Organization"],"@id":"https:\/\/elordendeloslibros.com\/#\/schema\/person\/b1a72b9ec129b82c6097e1b5e6ec2825","name":"The Order of the Books","image":{"@type":"ImageObject","inLanguage":"en-US","@id":"https:\/\/elordendeloslibros.com\/wp-content\/uploads\/2025\/03\/Logo-minimal-cuadrado.png","url":"https:\/\/elordendeloslibros.com\/wp-content\/uploads\/2025\/03\/Logo-minimal-cuadrado.png","contentUrl":"https:\/\/elordendeloslibros.com\/wp-content\/uploads\/2025\/03\/Logo-minimal-cuadrado.png","width":1024,"height":1024,"caption":"El Orden De Los Libros"},"logo":{"@id":"https:\/\/elordendeloslibros.com\/wp-content\/uploads\/2025\/03\/Logo-minimal-cuadrado.png"},"sameAs":["http:\/\/elordendeloslibros.com"],"url":"https:\/\/elordendeloslibros.com\/en\/author\/eltecnologuiacomgmail-com\/"}]}},"uagb_featured_image_src":{"full":["https:\/\/elordendeloslibros.com\/wp-content\/uploads\/2025\/03\/DALL\u00b7E-2025-03-21-17.37.00-A-courtroom-style-sketch-in-16_9-format-resembling-those-used-in-real-criminal-trials.-The-scene-depicts-a-symbolic-literary-controversy_-on-the-left-1.webp",1792,1024,false],"thumbnail":["https:\/\/elordendeloslibros.com\/wp-content\/uploads\/2025\/03\/DALL\u00b7E-2025-03-21-17.37.00-A-courtroom-style-sketch-in-16_9-format-resembling-those-used-in-real-criminal-trials.-The-scene-depicts-a-symbolic-literary-controversy_-on-the-left-1-150x150.webp",150,150,true],"medium":["https:\/\/elordendeloslibros.com\/wp-content\/uploads\/2025\/03\/DALL\u00b7E-2025-03-21-17.37.00-A-courtroom-style-sketch-in-16_9-format-resembling-those-used-in-real-criminal-trials.-The-scene-depicts-a-symbolic-literary-controversy_-on-the-left-1-300x171.webp",300,171,true],"medium_large":["https:\/\/elordendeloslibros.com\/wp-content\/uploads\/2025\/03\/DALL\u00b7E-2025-03-21-17.37.00-A-courtroom-style-sketch-in-16_9-format-resembling-those-used-in-real-criminal-trials.-The-scene-depicts-a-symbolic-literary-controversy_-on-the-left-1-768x439.webp",768,439,true],"large":["https:\/\/elordendeloslibros.com\/wp-content\/uploads\/2025\/03\/DALL\u00b7E-2025-03-21-17.37.00-A-courtroom-style-sketch-in-16_9-format-resembling-those-used-in-real-criminal-trials.-The-scene-depicts-a-symbolic-literary-controversy_-on-the-left-1-1024x585.webp",1024,585,true],"1536x1536":["https:\/\/elordendeloslibros.com\/wp-content\/uploads\/2025\/03\/DALL\u00b7E-2025-03-21-17.37.00-A-courtroom-style-sketch-in-16_9-format-resembling-those-used-in-real-criminal-trials.-The-scene-depicts-a-symbolic-literary-controversy_-on-the-left-1-1536x878.webp",1536,878,true],"2048x2048":["https:\/\/elordendeloslibros.com\/wp-content\/uploads\/2025\/03\/DALL\u00b7E-2025-03-21-17.37.00-A-courtroom-style-sketch-in-16_9-format-resembling-those-used-in-real-criminal-trials.-The-scene-depicts-a-symbolic-literary-controversy_-on-the-left-1.webp",1792,1024,false],"trp-custom-language-flag":["https:\/\/elordendeloslibros.com\/wp-content\/uploads\/2025\/03\/DALL\u00b7E-2025-03-21-17.37.00-A-courtroom-style-sketch-in-16_9-format-resembling-those-used-in-real-criminal-trials.-The-scene-depicts-a-symbolic-literary-controversy_-on-the-left-1-18x10.webp",18,10,true]},"uagb_author_info":{"display_name":"El Orden De Los Libros","author_link":"https:\/\/elordendeloslibros.com\/en\/author\/eltecnologuiacomgmail-com\/"},"uagb_comment_info":0,"uagb_excerpt":"La editorial paraliza la venta de El odio tras la denuncia de Ruth Ortiz, pero afirma que se acoge a la libertad de expresi\u00f3n. El autor, Luisg\u00e9 Mart\u00edn, tambi\u00e9n defiende la obra como un ejercicio literario leg\u00edtimo. La editorial Anagrama ha suspendido temporalmente la distribuci\u00f3n del libro El odio, escrito por Luisg\u00e9 Mart\u00edn, basado en&hellip;","_links":{"self":[{"href":"https:\/\/elordendeloslibros.com\/en\/wp-json\/wp\/v2\/posts\/2029","targetHints":{"allow":["GET"]}}],"collection":[{"href":"https:\/\/elordendeloslibros.com\/en\/wp-json\/wp\/v2\/posts"}],"about":[{"href":"https:\/\/elordendeloslibros.com\/en\/wp-json\/wp\/v2\/types\/post"}],"author":[{"embeddable":true,"href":"https:\/\/elordendeloslibros.com\/en\/wp-json\/wp\/v2\/users\/1"}],"replies":[{"embeddable":true,"href":"https:\/\/elordendeloslibros.com\/en\/wp-json\/wp\/v2\/comments?post=2029"}],"version-history":[{"count":1,"href":"https:\/\/elordendeloslibros.com\/en\/wp-json\/wp\/v2\/posts\/2029\/revisions"}],"predecessor-version":[{"id":2032,"href":"https:\/\/elordendeloslibros.com\/en\/wp-json\/wp\/v2\/posts\/2029\/revisions\/2032"}],"wp:featuredmedia":[{"embeddable":true,"href":"https:\/\/elordendeloslibros.com\/en\/wp-json\/wp\/v2\/media\/2030"}],"wp:attachment":[{"href":"https:\/\/elordendeloslibros.com\/en\/wp-json\/wp\/v2\/media?parent=2029"}],"wp:term":[{"taxonomy":"category","embeddable":true,"href":"https:\/\/elordendeloslibros.com\/en\/wp-json\/wp\/v2\/categories?post=2029"},{"taxonomy":"post_tag","embeddable":true,"href":"https:\/\/elordendeloslibros.com\/en\/wp-json\/wp\/v2\/tags?post=2029"}],"curies":[{"name":"wp","href":"https:\/\/api.w.org\/{rel}","templated":true}]}}